{"id":693,"date":"2021-06-16T10:56:14","date_gmt":"2021-06-16T08:56:14","guid":{"rendered":"https:\/\/www.raulmayoral.es\/?p=693"},"modified":"2024-07-06T17:13:49","modified_gmt":"2024-07-06T15:13:49","slug":"gracias-dios-mio","status":"publish","type":"post","link":"https:\/\/www.raulmayoral.es\/index.php\/2021\/06\/16\/gracias-dios-mio\/","title":{"rendered":"Gracias, Dios m\u00edo"},"content":{"rendered":"\n<p class=\"wp-block-paragraph\">Berl\u00edn, 1948. Un soldado norteamericano hace guardia todas las noches en el puesto fronterizo entre la zona estadounidense y la rusa. Al otro lado de la valla cumple el mismo deber un soldado sovi\u00e9tico con el cual el americano entabla relaci\u00f3n amistosa. Todos los d\u00edas, al avisarle el mando de que est\u00e1 a punto de finalizar su guardia y de su inminente relevo, el soldado norteamericano dice: \u201cS\u00f3lo faltan cinco minutos, gracias <strong>Dios <\/strong>m\u00edo\u201d. El ruso responde tambi\u00e9n diariamente: \u201cS\u00ed, solamente cinco minutos, gracias <strong>Stalin<\/strong>\u201d. Una noche el americano pregunt\u00f3 a su compa\u00f1ero sovi\u00e9tico \u00bfQu\u00e9 vas a decir cuando muera Stalin? El ruso contest\u00f3 con alivio filos\u00f3fico: Entonces dir\u00e9 \u00a1Gracias Dios m\u00edo!<\/p>\n\n\n\n<p class=\"wp-block-paragraph\">Se necesita algo m\u00e1s que el factor econ\u00f3mico para aglutinar a los europeos. Lo cultural siempre ser\u00e1 un factor m\u00e1s propicio para la cohesi\u00f3n humana que la pura econom\u00eda o el mero mercado. Ya lo dec\u00eda <strong>Jean Monnet<\/strong>: <em>En la Uni\u00f3n Europea no unimos Estados, unimos hombres<\/em>.<em>&nbsp;<\/em>Europa es unidad espiritual y cultural cuyo eje vertebrador es la creencia religiosa. En Occidente, hablar de religi\u00f3n es hablar de cristianismo, el pegamento entre sus pueblos. Pero hay \u00e9pocas en que tiene lugar <em>el eclipse de Dio<\/em>s. Ocurri\u00f3 hace m\u00e1s de tres siglos con la Paz de Westfalia y hoy parece reproducirse el mismo error. Los dirigentes europe\u00edstas han decidido despojar a la cultura, y con ello al hombre europeo, del caudal religioso. La fe ya no es un patrimonio, sino es un estorbo y Dios est\u00e1 de salida.<\/p>\n\n\n\n<p class=\"wp-block-paragraph\">Consecuencia de esta deriva es la democracia secularizada, un ordenamiento estrictamente laico de la vida p\u00fablica que excluye la visi\u00f3n religiosa y certifica la incompatibilidad entre religi\u00f3n y democracia. Se impone as\u00ed un laicismo agresivo con m\u00e1scara de neutralidad que no es sino una vulgar nueva forma de totalitarismo. Al excluir la religi\u00f3n de la plaza p\u00fablica \u00e9sta no se vac\u00eda, sino que se llena de suced\u00e1neos, de religiones al rev\u00e9s. Y el laicismo es una religi\u00f3n al rev\u00e9s. Es la religi\u00f3n del Estado, una nueva religi\u00f3n pol\u00edtica que pretende controlar las conciencias, imponer sus opciones haci\u00e9ndolas pasar por verdades, decidir lo que ha de ense\u00f1arse en la escuela, tergiversar el significado de los hechos hist\u00f3ricos del pasado y atribuir a los Parlamentos la facultad de pronunciarse sobre lo que es verdad o mentira, como si las leyes estuvieran por encima de la verdad.<\/p>\n\n\n\n<p class=\"wp-block-paragraph\">La clarividente <strong>Angela Merkel <\/strong>sostiene que el problema de Europa no es que se construyen mezquitas, sino que se cierran iglesias. Diagn\u00f3stico certero que enlaza con el que hiciera <strong>San Juan Pablo II<\/strong>: <em>La marginaci\u00f3n de las religiones que han contribuido, y todav\u00eda contribuyen, a la cultura y al humanismo de los que Europa est\u00e1 leg\u00edtimamente orgullosa son, al mismo tiempo, una injusticia y un error de perspectiva. Reconocer un hecho hist\u00f3rico innegable no significa en absoluto ignorar toda la exigencia moderna de una justa laicidad de los Estados y, por tanto, de Europa.<\/em>&nbsp;Sin la Cruz, Europa dejar\u00e1 de ser Europa. Hasta un an\u00f3nimo soldado sovi\u00e9tico lo sab\u00eda.<\/p>\n","protected":false},"excerpt":{"rendered":"<p>Berl\u00edn, 1948. Un soldado norteamericano hace guardia todas las noches en el puesto fronterizo entre la zona estadounidense y la rusa. Al otro lado de la valla cumple el mismo deber un soldado sovi\u00e9tico con el cual el americano entabla relaci\u00f3n amistosa. Todos los d\u00edas, al avisarle el mando de que est\u00e1 a punto de [&hellip;]<\/p>\n","protected":false},"author":1,"featured_media":1791,"comment_status":"open","ping_status":"open","sticky":false,"template":"","format":"standard","meta":{"_crdt_document":"","om_disable_all_campaigns":false,"_monsterinsights_skip_tracking":false,"_monsterinsights_sitenote_active":false,"_monsterinsights_sitenote_note":"","_monsterinsights_sitenote_category":0,"_uf_show_specific_survey":0,"_uf_disable_surveys":false,"jetpack_post_was_ever_published":false,"_jetpack_newsletter_access":"","_jetpack_dont_email_post_to_subs":false,"_jetpack_newsletter_tier_id":0,"_jetpack_memberships_contains_paywalled_content":false,"_jetpack_memberships_contains_paid_content":false,"footnotes":"","jetpack_publicize_message":"","jetpack_publicize_feature_enabled":true,"jetpack_social_post_already_shared":false,"jetpack_social_options":{"image_generator_settings":{"template":"highway","default_image_id":0,"font":"","enabled":false},"version":2}},"categories":[34],"tags":[],"class_list":["post-693","post","type-post","status-publish","format-standard","has-post-thumbnail","hentry","category-pasando-revista"],"aioseo_notices":[],"jetpack_publicize_connections":[],"jetpack_featured_media_url":"https:\/\/i0.wp.com\/www.raulmayoral.es\/wp-content\/uploads\/2021\/06\/Gracias-Dos-mio.jpg?fit=1050%2C432&ssl=1","jetpack-related-posts":[],"jetpack_sharing_enabled":true,"_links":{"self":[{"href":"https:\/\/www.raulmayoral.es\/index.php\/wp-json\/wp\/v2\/posts\/693","targetHints":{"allow":["GET"]}}],"collection":[{"href":"https:\/\/www.raulmayoral.es\/index.php\/wp-json\/wp\/v2\/posts"}],"about":[{"href":"https:\/\/www.raulmayoral.es\/index.php\/wp-json\/wp\/v2\/types\/post"}],"author":[{"embeddable":true,"href":"https:\/\/www.raulmayoral.es\/index.php\/wp-json\/wp\/v2\/users\/1"}],"replies":[{"embeddable":true,"href":"https:\/\/www.raulmayoral.es\/index.php\/wp-json\/wp\/v2\/comments?post=693"}],"version-history":[{"count":4,"href":"https:\/\/www.raulmayoral.es\/index.php\/wp-json\/wp\/v2\/posts\/693\/revisions"}],"predecessor-version":[{"id":1792,"href":"https:\/\/www.raulmayoral.es\/index.php\/wp-json\/wp\/v2\/posts\/693\/revisions\/1792"}],"wp:featuredmedia":[{"embeddable":true,"href":"https:\/\/www.raulmayoral.es\/index.php\/wp-json\/wp\/v2\/media\/1791"}],"wp:attachment":[{"href":"https:\/\/www.raulmayoral.es\/index.php\/wp-json\/wp\/v2\/media?parent=693"}],"wp:term":[{"taxonomy":"category","embeddable":true,"href":"https:\/\/www.raulmayoral.es\/index.php\/wp-json\/wp\/v2\/categories?post=693"},{"taxonomy":"post_tag","embeddable":true,"href":"https:\/\/www.raulmayoral.es\/index.php\/wp-json\/wp\/v2\/tags?post=693"}],"curies":[{"name":"wp","href":"https:\/\/api.w.org\/{rel}","templated":true}]}}