{"id":729,"date":"2020-06-02T12:59:00","date_gmt":"2020-06-02T10:59:00","guid":{"rendered":"https:\/\/www.raulmayoral.es\/?p=729"},"modified":"2021-06-23T09:58:59","modified_gmt":"2021-06-23T07:58:59","slug":"virus-sin-corona","status":"publish","type":"post","link":"https:\/\/www.raulmayoral.es\/index.php\/2020\/06\/02\/virus-sin-corona\/","title":{"rendered":"Virus sin corona"},"content":{"rendered":"\n<p class=\"wp-block-paragraph\">Del nacionalismo dijo <strong>Einstein<\/strong> que es una enfermedad infantil, el sarampi\u00f3n de la humanidad. De esta anacr\u00f3nica patolog\u00eda hizo la mejor descripci\u00f3n el neur\u00f3logo y padre del psicoan\u00e1lisis, <strong>Sigmund Freud<\/strong>, confirmada a\u00f1os m\u00e1s tarde por <strong>Michael Ignatieff<\/strong>: \u201cel nacionalismo toma los hechos naturales de un pueblo (lengua, territorio, tradici\u00f3n e historia), y los convierte en una id\u00edlica narraci\u00f3n con el prop\u00f3sito de crear conciencia dentro de la colectividad, que le conduzca a imaginar una identidad nacional con pretensiones de autodeterminaci\u00f3n. El nacionalista toma las diferencias menores y las transforma en grandes distinciones, se embellecen y repulen los pasados gloriosos, y pueblos que nunca hab\u00edan pensado en s\u00ed mismos como tales comienzan, de repente, a imaginarse naciones\u201d. Los enfermos m\u00e1s graves deliran creyendo ver a un camarada pos\u00e1ndose en la Luna con la bandera del terru\u00f1o.<\/p>\n\n\n\n<p class=\"wp-block-paragraph\">La epidemia parte de un paciente cero: un exc\u00e9ntrico novelero que inventa una historia, narrada con aparatosa fascinaci\u00f3n, y termina convenciendo a una legi\u00f3n de incautos e incultos con la mansedumbre del reba\u00f1o. Luego, mediante una educaci\u00f3n patriotera, lacrim\u00f3gena y endog\u00e1mica se construye un entramado de poder, que deviene en totalitario. Porque el nacionalismo no es un problema pol\u00edtico ni jur\u00eddico, sino moral. M\u00e1s que una patolog\u00eda, es una inmoralidad. All\u00ed donde predomina el colectivismo y reina la tribu, se anula la libertad del hombre. Antes la lengua, territorio o tradici\u00f3n que la persona, simple n\u00famero dentro del sujeto colectivo que es la naci\u00f3n. Para el genial <strong>Indro Montanelli<\/strong>, conocedor de esta letal calentura, los nacionalistas excluyentes quieren pensar en t\u00e9rminos de naci\u00f3n y Estado, pero su actitud es de aldea o tribu; \u201cnacionalismo de colonia\u201d, lo llam\u00f3.<\/p>\n\n\n\n<p class=\"wp-block-paragraph\">En Espa\u00f1a, ese nacionalismo ha sido siempre insaciable, consecuencia de su victimismo. El victimismo del nacionalismo vasco consiste en creerse que Euskadi ha sufrido la represi\u00f3n del franquismo desde tiempo inmemorial. Viven convencidos de que si el euskera no progres\u00f3 es por culpa de <strong>Franco<\/strong>. Omiten que el propio <strong>Sabino Arana<\/strong> aprendi\u00f3 vasco siendo ya un adulto porque sus padres no se lo ense\u00f1aron. El nacionalismo catal\u00e1n sit\u00faa tambi\u00e9n al franquismo en el origen de sus males. Sin embargo, el que fuera presidente del Barcelona, <strong>Agust\u00edn Montal<\/strong>, y art\u00edfice del lema \u201cm\u00e1s que un club\u201d, sol\u00eda presumir de que, a\u00fan vivo Franco, el Barcelona se adhiri\u00f3 a la campa\u00f1a \u201ccatal\u00e1 a l\u00b4escola\u201d; de que en el Nou Camp se instal\u00f3 la primera <em>senyera <\/em>y que los avisos desde los altavoces del estadio eran en catal\u00e1n; de que el capit\u00e1n del Barcelona llevaba como distintivo de su rango la bandera catalana y de que en el funcionamiento interior del club se adopt\u00f3 el catal\u00e1n como idioma. Enfermiza es su obsesi\u00f3n por la persecuci\u00f3n franquista.<\/p>\n\n\n\n<p class=\"wp-block-paragraph\">Hubo, sin embargo, un regionalismo catal\u00e1n inspirado y dirigido por <strong>Francesc Camb\u00f3<\/strong>, que rechaz\u00f3 el separatismo y era opuesto al socialismo, o sea, inmune al virus. Sigamos las instrucciones de un sabio sobre esta epidemia para as\u00ed disponer de ant\u00eddoto:&nbsp;<em>Nosotros no tenemos que ser catalanistas, con ser catalanes nos basta: catalanistas que lo sean los charnegos&nbsp;<\/em>(<strong>Josep Pla<\/strong>).<\/p>\n\n\n\n<p class=\"wp-block-paragraph\">Art\u00edculo publicado por Ra\u00fal Mayoral Benito en el diario digital <em>El Imparcial<\/em> el 1 de marzo de 2020. <a href=\"https:\/\/www.elimparcial.es\/noticia\/210554\/opinion\/virus-sin-corona.html\">https:\/\/www.elimparcial.es\/noticia\/210554\/opinion\/virus-sin-corona.html<\/a><\/p>\n\n\n\n<p class=\"wp-block-paragraph\">Fuente gr\u00e1fica: Ra\u00fal Arias.<\/p>\n","protected":false},"excerpt":{"rendered":"<p>Del nacionalismo dijo Einstein que es una enfermedad infantil, el sarampi\u00f3n de la humanidad. De esta anacr\u00f3nica patolog\u00eda hizo la mejor descripci\u00f3n el neur\u00f3logo y padre del psicoan\u00e1lisis, Sigmund Freud, confirmada a\u00f1os m\u00e1s tarde por Michael Ignatieff: \u201cel nacionalismo toma los hechos naturales de un pueblo (lengua, territorio, tradici\u00f3n e historia), y los convierte en [&hellip;]<\/p>\n","protected":false},"author":1,"featured_media":730,"comment_status":"open","ping_status":"open","sticky":false,"template":"","format":"standard","meta":{"_crdt_document":"","om_disable_all_campaigns":false,"_monsterinsights_skip_tracking":false,"_monsterinsights_sitenote_active":false,"_monsterinsights_sitenote_note":"","_monsterinsights_sitenote_category":0,"_uf_show_specific_survey":0,"_uf_disable_surveys":false,"jetpack_post_was_ever_published":false,"_jetpack_newsletter_access":"","_jetpack_dont_email_post_to_subs":false,"_jetpack_newsletter_tier_id":0,"_jetpack_memberships_contains_paywalled_content":false,"_jetpack_memberships_contains_paid_content":false,"footnotes":"","jetpack_publicize_message":"","jetpack_publicize_feature_enabled":true,"jetpack_social_post_already_shared":false,"jetpack_social_options":{"image_generator_settings":{"template":"highway","default_image_id":0,"font":"","enabled":false},"version":2}},"categories":[21,9],"tags":[],"class_list":["post-729","post","type-post","status-publish","format-standard","has-post-thumbnail","hentry","category-el-imparcial","category-hemeroteca-2"],"aioseo_notices":[],"jetpack_publicize_connections":[],"jetpack_featured_media_url":"https:\/\/i0.wp.com\/www.raulmayoral.es\/wp-content\/uploads\/2021\/06\/Virus-sin-corona.jpg?fit=660%2C769&ssl=1","jetpack-related-posts":[],"jetpack_sharing_enabled":true,"_links":{"self":[{"href":"https:\/\/www.raulmayoral.es\/index.php\/wp-json\/wp\/v2\/posts\/729","targetHints":{"allow":["GET"]}}],"collection":[{"href":"https:\/\/www.raulmayoral.es\/index.php\/wp-json\/wp\/v2\/posts"}],"about":[{"href":"https:\/\/www.raulmayoral.es\/index.php\/wp-json\/wp\/v2\/types\/post"}],"author":[{"embeddable":true,"href":"https:\/\/www.raulmayoral.es\/index.php\/wp-json\/wp\/v2\/users\/1"}],"replies":[{"embeddable":true,"href":"https:\/\/www.raulmayoral.es\/index.php\/wp-json\/wp\/v2\/comments?post=729"}],"version-history":[{"count":2,"href":"https:\/\/www.raulmayoral.es\/index.php\/wp-json\/wp\/v2\/posts\/729\/revisions"}],"predecessor-version":[{"id":737,"href":"https:\/\/www.raulmayoral.es\/index.php\/wp-json\/wp\/v2\/posts\/729\/revisions\/737"}],"wp:featuredmedia":[{"embeddable":true,"href":"https:\/\/www.raulmayoral.es\/index.php\/wp-json\/wp\/v2\/media\/730"}],"wp:attachment":[{"href":"https:\/\/www.raulmayoral.es\/index.php\/wp-json\/wp\/v2\/media?parent=729"}],"wp:term":[{"taxonomy":"category","embeddable":true,"href":"https:\/\/www.raulmayoral.es\/index.php\/wp-json\/wp\/v2\/categories?post=729"},{"taxonomy":"post_tag","embeddable":true,"href":"https:\/\/www.raulmayoral.es\/index.php\/wp-json\/wp\/v2\/tags?post=729"}],"curies":[{"name":"wp","href":"https:\/\/api.w.org\/{rel}","templated":true}]}}