{"id":777,"date":"2021-02-02T19:47:00","date_gmt":"2021-02-02T18:47:00","guid":{"rendered":"https:\/\/www.raulmayoral.es\/?p=777"},"modified":"2021-09-05T18:42:04","modified_gmt":"2021-09-05T16:42:04","slug":"cruz-luz","status":"publish","type":"post","link":"https:\/\/www.raulmayoral.es\/index.php\/2021\/02\/02\/cruz-luz\/","title":{"rendered":"Cruz, luz"},"content":{"rendered":"\n<p class=\"wp-block-paragraph\">\u201cPrep\u00e1rese usted para ganar unas elecciones\u201d, dijo<strong> Franco<\/strong> a <strong>Sol\u00eds<\/strong>, la sonrisa del R\u00e9gimen. Hoy disfrutamos de democracia gracias al <strong>Rey&nbsp;Juan Carlos I <\/strong>y <strong>Adolfo Su\u00e1rez<\/strong>. Y de Monarqu\u00eda porque lo quiso&nbsp;Franco, quien ya barruntaba lo que vendr\u00eda despu\u00e9s. Seg\u00fan <strong>Lenin<\/strong>,&nbsp;el progreso de&nbsp;<strong>Rusia<\/strong> llegar\u00eda por la revoluci\u00f3n bolchevique y la electrificaci\u00f3n del&nbsp;pa\u00eds. Como el gusano de seda acaba convirti\u00e9ndose en mariposa, los bolcheviques,&nbsp;al tocar poder, se transforman en burgueses, de <strong>Galapagar<\/strong>. Quieren dejar sin luz a la Monarqu\u00eda&nbsp;porque este Reinado es una subida de alta tensi\u00f3n tras el cortocircuito del franquismo, que fundi\u00f3 los plomos de la II Rep\u00fablica. Esta resolv\u00eda los conflictos a base de plomo. \u201cTiros a la barriga\u201d, clamaba <strong>Aza\u00f1a<\/strong> cuando <strong>Casaviejas<\/strong>. Con plomo eliminaron a <strong>Calvo Sotelo<\/strong>, como los fascistas a <strong>Matteotti<\/strong>. La Rep\u00fablica se electrocut\u00f3 a s\u00ed misma por los calambres del Frente Popular.<\/p>\n\n\n\n<p class=\"wp-block-paragraph\">Franco, que lleg\u00f3 a imaginarse partidos y elecciones, nunca imagin\u00f3 dos Reyes en Espa\u00f1a, fuera de la baraja. En el <strong>Madrid<\/strong> de los sesenta hubo un divertido bar&nbsp;de copas,&nbsp;propiedad de dos hermanos toreros, en el que eran habituales jugosas&nbsp;partidas de mus entre una pareja a la lim\u00f3n formada por los due\u00f1os y otra din\u00e1stica integrada por don <strong>Juan de Borb\u00f3n<\/strong> y su hijo, a la saz\u00f3n,&nbsp;el pr\u00edncipe <strong>Juan Carlos<\/strong>. Al comenzar el lance,&nbsp;un diestro&nbsp;preguntaba al otro: \u201cMaestro: \u00bfLlevas reyes?\u201d&nbsp;\u201cM\u00e1s que hay en la mesa\u201d, respond\u00eda&nbsp;rotundamente el compa\u00f1ero. Parec\u00eda se\u00f1a&nbsp;de mus, pero era una verdad como un templo. El torero se apellidaba <strong>Vega de los Reyes<\/strong>&nbsp;y ninguno de los rivales ostentaba por entonces el t\u00edtulo de monarca.<\/p>\n\n\n\n<p class=\"wp-block-paragraph\">De tener dos reyes hemos pasado a solo uno. Es suficiente. Adem\u00e1s, nuestra Monarqu\u00eda&nbsp;es&nbsp;cat\u00f3lica&nbsp;y da nombre al r\u00e9gimen del 78, que encuentra su raz\u00f3n de ser en la reconciliaci\u00f3n de los espa\u00f1oles. El deseo de concordia y, al mismo tiempo, de perd\u00f3n tiene su p\u00e9treo s\u00edmbolo en la monumental <strong>Santa Cruz del Valle de los Ca\u00eddos<\/strong>, en donde mora una orante comunidad benedictina, cuyos monjes elevan sus plegarias por la paz entre los espa\u00f1oles. De todo el recinto de <strong>Cuelgamuros<\/strong>, es precisamente la Cruz, no era Franco, lo que molesta a los bolcheviques. Y a la masoner\u00eda.&nbsp;Tienen una perra con la Cruz que no parar\u00e1n hasta echarla abajo. Y entonces nos quedaremos a oscuras.<\/p>\n\n\n\n<p class=\"wp-block-paragraph\"><strong>Fray Justo P\u00e9rez Urbel<\/strong>, el que fuera primer abad de la Bas\u00edlica del Valle de los Ca\u00eddos, cuenta que al poco tiempo de la inauguraci\u00f3n, visitaron el monumento unos ingleses que deb\u00edan ser gente muy importante. La&nbsp;esposa del Caudillo acud\u00eda con ellos. Como era deseo de los&nbsp;visitantes subir a la Cruz, se habilit\u00f3 el ascensor interior. Se inici\u00f3 la subida pero, de repente, el ascensor se detuvo, hecho&nbsp;frecuente. Dirig\u00eda la expedici\u00f3n el director&nbsp;del Patrimonio de&nbsp;la Bas\u00edlica, quien ya estaba hecho a las circunstancias. Sereno y sin estridencias en busca del arreglo, grit\u00f3 llamando al electricista de guardia que, casualmente, se llamaba Franco:&nbsp;\u201c\u00a1Franco, Franco Franco!\u201d. Al tercer llamamiento,&nbsp;la m\u00e1quina reanud\u00f3 s\u00fabitamente la&nbsp;marcha. El abad pudo escuchar&nbsp;de&nbsp;boca de aquellos perplejos brit\u00e1nicos: \u201cQu\u00e9 pa\u00eds m\u00e1s ins\u00f3lito Espa\u00f1a, que para que las cosas funcionen debe gritarse&nbsp;\u00a1Franco,&nbsp;Franco,&nbsp;Franco!\u201d.&nbsp;Y es que la prosperidad y la paz de Espa\u00f1a fueron fruto del cristianismo m\u00e1s la electrificaci\u00f3n del pa\u00eds.<\/p>\n\n\n\n<p class=\"wp-block-paragraph\">Art\u00edculo publicado por Ra\u00fal Mayoral Benito en el diario digital <em>El Imparcial<\/em> el 30 de agosto de 2020. <a href=\"https:\/\/www.elimparcial.es\/noticia\/216266\/cruz-luz.html\">https:\/\/www.elimparcial.es\/noticia\/216266\/cruz-luz.html<\/a><\/p>\n","protected":false},"excerpt":{"rendered":"<p>\u201cPrep\u00e1rese usted para ganar unas elecciones\u201d, dijo Franco a Sol\u00eds, la sonrisa del R\u00e9gimen. Hoy disfrutamos de democracia gracias al Rey&nbsp;Juan Carlos I y Adolfo Su\u00e1rez. Y de Monarqu\u00eda porque lo quiso&nbsp;Franco, quien ya barruntaba lo que vendr\u00eda despu\u00e9s. Seg\u00fan Lenin,&nbsp;el progreso de&nbsp;Rusia llegar\u00eda por la revoluci\u00f3n bolchevique y la electrificaci\u00f3n del&nbsp;pa\u00eds. Como el gusano [&hellip;]<\/p>\n","protected":false},"author":1,"featured_media":778,"comment_status":"open","ping_status":"open","sticky":false,"template":"","format":"standard","meta":{"_crdt_document":"","om_disable_all_campaigns":false,"_monsterinsights_skip_tracking":false,"_monsterinsights_sitenote_active":false,"_monsterinsights_sitenote_note":"","_monsterinsights_sitenote_category":0,"_uf_show_specific_survey":0,"_uf_disable_surveys":false,"jetpack_post_was_ever_published":false,"_jetpack_newsletter_access":"","_jetpack_dont_email_post_to_subs":false,"_jetpack_newsletter_tier_id":0,"_jetpack_memberships_contains_paywalled_content":false,"_jetpack_memberships_contains_paid_content":false,"footnotes":"","jetpack_publicize_message":"","jetpack_publicize_feature_enabled":true,"jetpack_social_post_already_shared":false,"jetpack_social_options":{"image_generator_settings":{"template":"highway","default_image_id":0,"font":"","enabled":false},"version":2}},"categories":[21,9],"tags":[],"class_list":["post-777","post","type-post","status-publish","format-standard","has-post-thumbnail","hentry","category-el-imparcial","category-hemeroteca-2"],"aioseo_notices":[],"jetpack_publicize_connections":[],"jetpack_featured_media_url":"https:\/\/i0.wp.com\/www.raulmayoral.es\/wp-content\/uploads\/2021\/07\/cruz-luz.jpg?fit=259%2C194&ssl=1","jetpack-related-posts":[],"jetpack_sharing_enabled":true,"_links":{"self":[{"href":"https:\/\/www.raulmayoral.es\/index.php\/wp-json\/wp\/v2\/posts\/777","targetHints":{"allow":["GET"]}}],"collection":[{"href":"https:\/\/www.raulmayoral.es\/index.php\/wp-json\/wp\/v2\/posts"}],"about":[{"href":"https:\/\/www.raulmayoral.es\/index.php\/wp-json\/wp\/v2\/types\/post"}],"author":[{"embeddable":true,"href":"https:\/\/www.raulmayoral.es\/index.php\/wp-json\/wp\/v2\/users\/1"}],"replies":[{"embeddable":true,"href":"https:\/\/www.raulmayoral.es\/index.php\/wp-json\/wp\/v2\/comments?post=777"}],"version-history":[{"count":2,"href":"https:\/\/www.raulmayoral.es\/index.php\/wp-json\/wp\/v2\/posts\/777\/revisions"}],"predecessor-version":[{"id":826,"href":"https:\/\/www.raulmayoral.es\/index.php\/wp-json\/wp\/v2\/posts\/777\/revisions\/826"}],"wp:featuredmedia":[{"embeddable":true,"href":"https:\/\/www.raulmayoral.es\/index.php\/wp-json\/wp\/v2\/media\/778"}],"wp:attachment":[{"href":"https:\/\/www.raulmayoral.es\/index.php\/wp-json\/wp\/v2\/media?parent=777"}],"wp:term":[{"taxonomy":"category","embeddable":true,"href":"https:\/\/www.raulmayoral.es\/index.php\/wp-json\/wp\/v2\/categories?post=777"},{"taxonomy":"post_tag","embeddable":true,"href":"https:\/\/www.raulmayoral.es\/index.php\/wp-json\/wp\/v2\/tags?post=777"}],"curies":[{"name":"wp","href":"https:\/\/api.w.org\/{rel}","templated":true}]}}