{"id":794,"date":"2020-06-01T16:16:00","date_gmt":"2020-06-01T14:16:00","guid":{"rendered":"https:\/\/www.raulmayoral.es\/?p=794"},"modified":"2024-02-21T17:35:51","modified_gmt":"2024-02-21T16:35:51","slug":"joselito-un-siglo-de-conmocion","status":"publish","type":"post","link":"https:\/\/www.raulmayoral.es\/index.php\/2020\/06\/01\/joselito-un-siglo-de-conmocion\/","title":{"rendered":"Joselito, un siglo de conmoci\u00f3n"},"content":{"rendered":"\n<p class=\"wp-block-paragraph\">Aquella tarde de infausta memoria&nbsp;los tendidos&nbsp;del coso taurino&nbsp;de <strong>Talavera de la Reina,<\/strong> &nbsp;junto a la venerada <strong>Virgen de El Prado<\/strong>, estaban&nbsp;atestados de aficionados. Desde que <strong>Joselito<\/strong> y <strong>Belmonte<\/strong>, Belmonte y Joselito comenzaron a deleitar con su espl\u00e9ndido toreo,&nbsp;a la vez elegante y brioso, las plazas acog\u00edan un&nbsp;volumen enorme de p\u00fablico, gentes que prefer\u00edan esa emoci\u00f3n est\u00e9tica del nuevo arte a la morbosa del peligro. La lidia, como pelea con el toro, perd\u00eda adeptos. Joselito y Belmonte&nbsp;certificaron en los ruedos el final de esa rudimentaria&nbsp;faena de esquivar las acometidas de los astados, trayendo consigo ese arte, incomparablemente&nbsp;bello, que bien pudiera&nbsp;ser el octavo. Si antes giraba el torero alrededor del toro, Joselito y Belmonte&nbsp;obligaron a la fiera a girar en torno al diestro. Lo suyo era un toreo de concepto elevadamente art\u00edstico. Y fue entonces cuando las corridas de toros alcanzaron rango multitudinario.&nbsp;Fue entonces, como dice<strong> Jim\u00e9nez Losantos<\/strong>&nbsp;en <em>100 de los nuestros<\/em>, cuando las plazas de toros se hicieron&nbsp;monumentales.<\/p>\n\n\n\n<p class=\"wp-block-paragraph\">Cuentan las cr\u00f3nicas que dos d\u00edas antes de aquella gran corrida, en apenas dos horas se vendieron las entradas expedidas en la talaverana calle de La Corredera. A la ciudad toledana acudi\u00f3 <strong>Jos\u00e9 G\u00f3mez<\/strong>,<strong> <em>Gallito<\/em><\/strong>, <em>Joselito<\/em>\u00a0para fundirse\u00a0con ella en imperecedera y tr\u00e1gica\u00a0historia, convirti\u00e9ndola en permanente santuario de peregrinaje taurino. La muerte parece caprichosa. Aqu\u00e9l primaveral domingo, 16 de mayo, de hace un siglo\u00a0llovi\u00f3 en Talavera y a punto estuvo de suspenderse la corrida. S\u00ed se suspendi\u00f3 la de <strong>Madrid<\/strong>, cuyo cartel anunciaba a Belmonte y <strong>El Gallo<\/strong>, quien realmente debi\u00f3 haber toreado en la ciudad de la cer\u00e1mica. Para <strong>Rafael G\u00f3mez<\/strong> estaba acordada aquella corrida, sin embargo, ambos hermanos se reemplazaron el uno al otro. Y finalmente, fatalmente, Joselito hizo cartel con otro matador, otro tit\u00e1n del toreo, su cu\u00f1ado, <strong>Ignacio S\u00e1nchez Mej\u00edas<\/strong>. Con g\u00a0apareci\u00f3 anunciado en la dolorosa tarde, y con j le inmortalizar\u00eda\u00a0<strong>Garc\u00eda Lorca<\/strong> en una de las m\u00e1s bellas eleg\u00edas de nuestra literatura. Ambos espadas deb\u00edan repartirse los\u00a0seis toros de la\u00a0ganader\u00eda local <strong>Viuda de Ortega<\/strong>. \u00a0<\/p>\n\n\n\n<figure class=\"wp-block-image size-large\"><img data-recalc-dims=\"1\" loading=\"lazy\" decoding=\"async\" width=\"625\" height=\"970\" src=\"https:\/\/i0.wp.com\/www.raulmayoral.es\/wp-content\/uploads\/2024\/02\/joselito-un-siglo-de-conmocion-2.jpg?resize=625%2C970&#038;ssl=1\" alt=\"\" class=\"wp-image-1837\" srcset=\"https:\/\/i0.wp.com\/www.raulmayoral.es\/wp-content\/uploads\/2024\/02\/joselito-un-siglo-de-conmocion-2.jpg?resize=660%2C1024&amp;ssl=1 660w, https:\/\/i0.wp.com\/www.raulmayoral.es\/wp-content\/uploads\/2024\/02\/joselito-un-siglo-de-conmocion-2.jpg?resize=193%2C300&amp;ssl=1 193w, https:\/\/i0.wp.com\/www.raulmayoral.es\/wp-content\/uploads\/2024\/02\/joselito-un-siglo-de-conmocion-2.jpg?resize=768%2C1191&amp;ssl=1 768w, https:\/\/i0.wp.com\/www.raulmayoral.es\/wp-content\/uploads\/2024\/02\/joselito-un-siglo-de-conmocion-2.jpg?resize=990%2C1536&amp;ssl=1 990w, https:\/\/i0.wp.com\/www.raulmayoral.es\/wp-content\/uploads\/2024\/02\/joselito-un-siglo-de-conmocion-2.jpg?resize=624%2C968&amp;ssl=1 624w, https:\/\/i0.wp.com\/www.raulmayoral.es\/wp-content\/uploads\/2024\/02\/joselito-un-siglo-de-conmocion-2.jpg?w=1231&amp;ssl=1 1231w\" sizes=\"auto, (max-width: 625px) 100vw, 625px\" \/><\/figure>\n\n\n\n<p class=\"wp-block-paragraph\">A las 6 de la tarde, tras anunciar los clarines el cambio de estoque, el toro <em><strong>Bailaor<\/strong><\/em>, burriciego, \u00e1spero, brusco provoc\u00f3 una verdadera&nbsp;cat\u00e1strofe nacional. Algunos mozos de espada tuvieron que vaciar sus botijos sobre las nucas de tantos espectadores horriblemente conmocionados. Aqu\u00e9l trauma convulsion\u00f3 el toreo. Tiempo despu\u00e9s cuando dos aficionados se encontraban y recordaban la tragedia se fund\u00edan en un abrazo sin acertar a pronunciar palabra alguna&nbsp;hasta que el m\u00e1s resignado o animoso exhalaba un \u201cTodo est\u00e1 perdido\u201d. Tan arraigadas estaban&nbsp;las corridas de toros en las costumbres del pueblo espa\u00f1ol que merecieron el nombre de fiesta nacional. La fiesta de los toros, adem\u00e1s de su inmensa belleza est\u00e9tica, es una verdadera instituci\u00f3n, aut\u00e9ntica cultura. Cien a\u00f1os despu\u00e9s, millones de espa\u00f1oles estamos conmocionados. Se tiene la impresi\u00f3n de que todo est\u00e1 perdido. Pero ni virus epid\u00e9micos ni virus ideol\u00f3gicos podr\u00e1n con <strong>Espa\u00f1a<\/strong> y su fiesta nacional. &nbsp;<\/p>\n\n\n\n<p class=\"wp-block-paragraph\">Art\u00edculo publicado por Ra\u00fal Mayoral Benito en el diario digital <strong>El Imparcial<\/strong> el 15 de mayo de 2020. <a href=\"https:\/\/www.elimparcial.es\/noticia\/213105\/opinion\/joselito:-un-siglo-de-conmocion.html\">https:\/\/www.elimparcial.es\/noticia\/213105\/opinion\/joselito:-un-siglo-de-conmocion.html<\/a><\/p>\n\n\n\n<p class=\"wp-block-paragraph\">Fuente fotogr\u00e1fica: <strong>Archivo Camp\u00faa<\/strong><\/p>\n","protected":false},"excerpt":{"rendered":"<p>Aquella tarde de infausta memoria&nbsp;los tendidos&nbsp;del coso taurino&nbsp;de Talavera de la Reina, &nbsp;junto a la venerada Virgen de El Prado, estaban&nbsp;atestados de aficionados. Desde que Joselito y Belmonte, Belmonte y Joselito comenzaron a deleitar con su espl\u00e9ndido toreo,&nbsp;a la vez elegante y brioso, las plazas acog\u00edan un&nbsp;volumen enorme de p\u00fablico, gentes que prefer\u00edan esa emoci\u00f3n [&hellip;]<\/p>\n","protected":false},"author":1,"featured_media":795,"comment_status":"open","ping_status":"open","sticky":false,"template":"","format":"standard","meta":{"_crdt_document":"","om_disable_all_campaigns":false,"_monsterinsights_skip_tracking":false,"_monsterinsights_sitenote_active":false,"_monsterinsights_sitenote_note":"","_monsterinsights_sitenote_category":0,"_uf_show_specific_survey":0,"_uf_disable_surveys":false,"jetpack_post_was_ever_published":false,"_jetpack_newsletter_access":"","_jetpack_dont_email_post_to_subs":false,"_jetpack_newsletter_tier_id":0,"_jetpack_memberships_contains_paywalled_content":false,"_jetpack_memberships_contains_paid_content":false,"footnotes":"","jetpack_publicize_message":"","jetpack_publicize_feature_enabled":true,"jetpack_social_post_already_shared":false,"jetpack_social_options":{"image_generator_settings":{"template":"highway","default_image_id":0,"font":"","enabled":false},"version":2}},"categories":[21,9],"tags":[],"class_list":["post-794","post","type-post","status-publish","format-standard","has-post-thumbnail","hentry","category-el-imparcial","category-hemeroteca-2"],"aioseo_notices":[],"jetpack_publicize_connections":[],"jetpack_featured_media_url":"https:\/\/i0.wp.com\/www.raulmayoral.es\/wp-content\/uploads\/2021\/08\/Joselito.jpg?fit=550%2C667&ssl=1","jetpack-related-posts":[],"jetpack_sharing_enabled":true,"_links":{"self":[{"href":"https:\/\/www.raulmayoral.es\/index.php\/wp-json\/wp\/v2\/posts\/794","targetHints":{"allow":["GET"]}}],"collection":[{"href":"https:\/\/www.raulmayoral.es\/index.php\/wp-json\/wp\/v2\/posts"}],"about":[{"href":"https:\/\/www.raulmayoral.es\/index.php\/wp-json\/wp\/v2\/types\/post"}],"author":[{"embeddable":true,"href":"https:\/\/www.raulmayoral.es\/index.php\/wp-json\/wp\/v2\/users\/1"}],"replies":[{"embeddable":true,"href":"https:\/\/www.raulmayoral.es\/index.php\/wp-json\/wp\/v2\/comments?post=794"}],"version-history":[{"count":3,"href":"https:\/\/www.raulmayoral.es\/index.php\/wp-json\/wp\/v2\/posts\/794\/revisions"}],"predecessor-version":[{"id":1838,"href":"https:\/\/www.raulmayoral.es\/index.php\/wp-json\/wp\/v2\/posts\/794\/revisions\/1838"}],"wp:featuredmedia":[{"embeddable":true,"href":"https:\/\/www.raulmayoral.es\/index.php\/wp-json\/wp\/v2\/media\/795"}],"wp:attachment":[{"href":"https:\/\/www.raulmayoral.es\/index.php\/wp-json\/wp\/v2\/media?parent=794"}],"wp:term":[{"taxonomy":"category","embeddable":true,"href":"https:\/\/www.raulmayoral.es\/index.php\/wp-json\/wp\/v2\/categories?post=794"},{"taxonomy":"post_tag","embeddable":true,"href":"https:\/\/www.raulmayoral.es\/index.php\/wp-json\/wp\/v2\/tags?post=794"}],"curies":[{"name":"wp","href":"https:\/\/api.w.org\/{rel}","templated":true}]}}