{"id":802,"date":"2021-07-30T16:47:00","date_gmt":"2021-07-30T14:47:00","guid":{"rendered":"https:\/\/www.raulmayoral.es\/?p=802"},"modified":"2021-08-01T17:03:44","modified_gmt":"2021-08-01T15:03:44","slug":"acallar-la-libertad","status":"publish","type":"post","link":"https:\/\/www.raulmayoral.es\/index.php\/2021\/07\/30\/acallar-la-libertad\/","title":{"rendered":"Acallar la libertad"},"content":{"rendered":"\n<p class=\"wp-block-paragraph\">\u201cPodr\u00e9 no estar de acuerdo con lo que dices, pero defender\u00e9 hasta la muerte tu derecho a decirlo\u201d&nbsp;(<strong>Voltaire<\/strong>). Habiendo izquierdistas prestos a tirarse por un barranco tras su caudillo, en cambio, no lo est\u00e1n para defender hoy la libertad de expresi\u00f3n. Por eso, el autor del libro, izquierdista de toda la vida, ha cambiado de bando. <strong>Dave Rubin <\/strong>es creador y presentador de <em><strong>The Rubin Report<\/strong><\/em>, programa de entrevistas de&nbsp;estilo ir\u00f3nico y desenfadado&nbsp;emitido en TV y en <em>You Tube<\/em>. En ese singular h\u00e1bitat audiovisual repara un d\u00eda en que la izquierda, el bando de la libertad y la tolerancia, proh\u00edbe ahora que determinados oradores hablen en Universidades, boicotea a personas por no emplear el lenguaje af\u00edn a la ideolog\u00eda&nbsp;de g\u00e9nero y coacciona a los cristianos a traicionar su conciencia. Lo m\u00e1s grave es que los promotores de esta iracunda <em>cancelaci\u00f3n<\/em>&nbsp;se sirven de violencia, censura, escraches, difamaci\u00f3n, campa\u00f1as de desprestigio o bloqueos y caza de brujas virtuales para arruinar la vida a los rebeldes contra la correcci\u00f3n pol\u00edtica y el pensamiento \u00fanico. Un <em>modus operandi que <\/em>guarda escalofriantes similitudes con las siniestras t\u00e1cticas de la Alemania nazi. Rubin concluye que la izquierda ha perdido el juicio&nbsp;volvi\u00e9ndose autoritaria y puritana, sustituyendo&nbsp;la batalla de las ideas por la de los sentimientos&nbsp;y trucando&nbsp;la sinceridad por la indignaci\u00f3n.<\/p>\n\n\n\n<p class=\"wp-block-paragraph\">Una doble experiencia&nbsp;avala al autor: habiendo salido del armario por su orientaci\u00f3n sexual, cae en la cuenta de que por sus ideas pol\u00edticas estaba escondi\u00e9ndose de nuevo en el armario. Mientras expone su&nbsp;pensamiento, detalla episodios personales y ajenos que evidencian c\u00f3mo viviendo&nbsp;en sociedades libres&nbsp;la gente teme decir lo que piensa por miedo a una izquierda hist\u00e9rica y vociferante que, espoleada por la indignaci\u00f3n, encrespa el ambiente&nbsp;creando un purgatorio pol\u00edtico en el que mantiene confinados a muchos.&nbsp;El t\u00edtulo original&nbsp;del libro, <em>Por qu\u00e9 dej\u00e9 la izquierda<\/em>, permit\u00eda explicar al autor su periplo intelectual del progresismo al liberalismo cl\u00e1sico, facilitado por pensadores contempor\u00e1neos&nbsp;o \u201cmentores\u201d, como <strong>Jordan B. Peterson, Sam Harris, Ben Saphiro, Thomas Sowell, Dennis Prager, Bret Weinstein, Ayaan Hirsi Ali, Christina Hoff Sommers<\/strong> o <strong>Peter Thiel<\/strong>. Sin embargo, m\u00e1s que indicar los motivos de su abandono, Rubin prefiri\u00f3 alumbrar una obra did\u00e1ctica&nbsp;sobre c\u00f3mo dejar la izquierda y d\u00f3nde ir despu\u00e9s. Estamos ante un mapa en el que seguir un rumbo.&nbsp;Una gu\u00eda para quienes se autocensuran&nbsp;por temor a&nbsp;la mafia&nbsp;progre. A ellos,&nbsp;el autor les dice que no est\u00e1n&nbsp;solos&nbsp;y que deben salir pol\u00edticamente del armario y comenzar a decir ya lo que piensan. Si muchos lo hacemos no podr\u00e1n callarnos a todos. El libro ense\u00f1a c\u00f3mo hacerlo y proporciona&nbsp;herramientas intelectuales para saber qui\u00e9n eres, d\u00f3nde est\u00e1s y cu\u00e1les son tus aliados en estos tiempos convulsos y confusos. A los que ya dejaron&nbsp;la izquierda o nunca militaron en ella, el libro ayuda a entender la locura del actual&nbsp;clima pol\u00edtico, enrarecido por un endiosado progresismo que posterga la defensa de los derechos individuales priorizando una falsa preocupaci\u00f3n paternalista por la colectividad. Con una rid\u00edcula mentalidad victimista, los progres han inyectado el virus de la interseccionalidad, contagiando con pasmosa facilidad \u201casociaciones de oprimidos\u201d, que &nbsp;alientan el odio al \u201copresor\u201d. Por las p\u00e1ginas de la obra desfilan cuestiones como el matrimonio homosexual, transexualidad, aborto, feminismo, racismo, delitos de odio, inmigraci\u00f3n, escasez de alimentos, cambio clim\u00e1tico, drogas o armas de fuego&#8230;todas son hoy puntos de fricci\u00f3n a causa de una nefasta cultura emocional del victimismo que genera toneladas de indignaci\u00f3n y tristeza. No extra\u00f1a que Rubin proponga re\u00edrse como arma m\u00e1s eficaz en defensa de la libertad de expresi\u00f3n. Nos recuerda a <strong>Oscar Wilde<\/strong>: \u201cSi quieres decirle a la gente la verdad, hazlo con humor o te matar\u00e1n\u201d. Sin duda, la gente est\u00e1 perdiendo el juicio y el sentido del humor, pero con la guerra cultural nos jugamos m\u00e1s que la cordura. Tambi\u00e9n nos jugamos la libertad. En suma, el volumen es un manual para salir victorioso de esa guerra impulsando&nbsp;los valores, hoy amenazados, que fundamentan las democracias libres y pluralistas.<\/p>\n\n\n\n<p class=\"wp-block-paragraph\">Hemos subestimado el peligro grave y real contra la libertad de expresi\u00f3n y estamos olvidando el verdadero significado de ser libres. La \u00fanica manera de combatir esta crisis es seguir con nuestra vida como si aquella no existiera, diciendo lo que pensamos sin censurarnos y viviendo sin complejos de acuerdo con nuestros principios. Rubin concluye que pensar por uno mismo es lo \u00fanico que se necesita en una era de irracionalidad. Con raz\u00f3n el subt\u00edtulo del libro es \u201chuye de la mafia progre y piensa por ti mismo\u201d.\u00a0Toda una contundente y razonable f\u00f3rmula para lograr un futuro asentado firmemente en el individuo y no en la colectividad.<\/p>\n\n\n\n<p class=\"wp-block-paragraph\">Art\u00edculo publicado por Ra\u00fal Mayoral Benito en el diario digital <em><strong>El Debate de hoy<\/strong><\/em> el 24 de julio de 2021. <a href=\"https:\/\/eldebatedehoy.es\/noticia\/politica\/24\/07\/2021\/dave-rubin\/\">https:\/\/eldebatedehoy.es\/noticia\/politica\/24\/07\/2021\/dave-rubin\/<\/a><\/p>\n","protected":false},"excerpt":{"rendered":"<p>\u201cPodr\u00e9 no estar de acuerdo con lo que dices, pero defender\u00e9 hasta la muerte tu derecho a decirlo\u201d&nbsp;(Voltaire). Habiendo izquierdistas prestos a tirarse por un barranco tras su caudillo, en cambio, no lo est\u00e1n para defender hoy la libertad de expresi\u00f3n. Por eso, el autor del libro, izquierdista de toda la vida, ha cambiado de [&hellip;]<\/p>\n","protected":false},"author":1,"featured_media":803,"comment_status":"open","ping_status":"open","sticky":false,"template":"","format":"standard","meta":{"_crdt_document":"","om_disable_all_campaigns":false,"_monsterinsights_skip_tracking":false,"_monsterinsights_sitenote_active":false,"_monsterinsights_sitenote_note":"","_monsterinsights_sitenote_category":0,"_uf_show_specific_survey":0,"_uf_disable_surveys":false,"jetpack_post_was_ever_published":false,"_jetpack_newsletter_access":"","_jetpack_dont_email_post_to_subs":false,"_jetpack_newsletter_tier_id":0,"_jetpack_memberships_contains_paywalled_content":false,"_jetpack_memberships_contains_paid_content":false,"footnotes":"","jetpack_publicize_message":"","jetpack_publicize_feature_enabled":true,"jetpack_social_post_already_shared":false,"jetpack_social_options":{"image_generator_settings":{"template":"highway","default_image_id":0,"font":"","enabled":false},"version":2}},"categories":[13,9],"tags":[],"class_list":["post-802","post","type-post","status-publish","format-standard","has-post-thumbnail","hentry","category-cultura","category-hemeroteca-2"],"aioseo_notices":[],"jetpack_publicize_connections":[],"jetpack_featured_media_url":"https:\/\/i0.wp.com\/www.raulmayoral.es\/wp-content\/uploads\/2021\/08\/portada_no-quemes-este-libro_dave-rubin-scaled.jpg?fit=1644%2C2560&ssl=1","jetpack-related-posts":[],"jetpack_sharing_enabled":true,"_links":{"self":[{"href":"https:\/\/www.raulmayoral.es\/index.php\/wp-json\/wp\/v2\/posts\/802","targetHints":{"allow":["GET"]}}],"collection":[{"href":"https:\/\/www.raulmayoral.es\/index.php\/wp-json\/wp\/v2\/posts"}],"about":[{"href":"https:\/\/www.raulmayoral.es\/index.php\/wp-json\/wp\/v2\/types\/post"}],"author":[{"embeddable":true,"href":"https:\/\/www.raulmayoral.es\/index.php\/wp-json\/wp\/v2\/users\/1"}],"replies":[{"embeddable":true,"href":"https:\/\/www.raulmayoral.es\/index.php\/wp-json\/wp\/v2\/comments?post=802"}],"version-history":[{"count":2,"href":"https:\/\/www.raulmayoral.es\/index.php\/wp-json\/wp\/v2\/posts\/802\/revisions"}],"predecessor-version":[{"id":806,"href":"https:\/\/www.raulmayoral.es\/index.php\/wp-json\/wp\/v2\/posts\/802\/revisions\/806"}],"wp:featuredmedia":[{"embeddable":true,"href":"https:\/\/www.raulmayoral.es\/index.php\/wp-json\/wp\/v2\/media\/803"}],"wp:attachment":[{"href":"https:\/\/www.raulmayoral.es\/index.php\/wp-json\/wp\/v2\/media?parent=802"}],"wp:term":[{"taxonomy":"category","embeddable":true,"href":"https:\/\/www.raulmayoral.es\/index.php\/wp-json\/wp\/v2\/categories?post=802"},{"taxonomy":"post_tag","embeddable":true,"href":"https:\/\/www.raulmayoral.es\/index.php\/wp-json\/wp\/v2\/tags?post=802"}],"curies":[{"name":"wp","href":"https:\/\/api.w.org\/{rel}","templated":true}]}}