{"id":841,"date":"2021-06-12T10:53:00","date_gmt":"2021-06-12T08:53:00","guid":{"rendered":"https:\/\/www.raulmayoral.es\/?p=841"},"modified":"2021-09-13T13:54:19","modified_gmt":"2021-09-13T11:54:19","slug":"lecturas-jurasicas-ii","status":"publish","type":"post","link":"https:\/\/www.raulmayoral.es\/index.php\/2021\/06\/12\/lecturas-jurasicas-ii\/","title":{"rendered":"Lecturas jur\u00e1sicas (II)"},"content":{"rendered":"\n<p class=\"wp-block-paragraph\"><em>\u00bfQui\u00e9n es <strong>Stalin<\/strong>?<\/em>\u00a0pregunta un inspector a un alumno durante un examen oficial en una escuela de alg\u00fan lugar de la URSS. El ni\u00f1o, a quien de antemano le han ordenado decir las respuestas, contesta sin titubear:\u00a0<em>Stalin es mi padre<\/em>.\u00a0<em>\u00bfY qui\u00e9n es tu madre?<\/em>\u00a0prosigue preguntando el inspector.\u00a0<em>Mi madre es el Estado<\/em>, responde el alumno.\u00a0<em>\u00bfQu\u00e9 quieres ser de mayor?<\/em>\u00a0Ante esa pregunta el ni\u00f1o titubea y, en lugar de responder seg\u00fan el guion impuesto, ser un trabajador disciplinado y leal a la patria del proletariado, contesta valientemente:\u00a0<em>\u00a1Quiero ser hu\u00e9rfano!<\/em><\/p>\n\n\n\n<p class=\"wp-block-paragraph\">Bajo la tiran\u00eda comunista es frecuente que las personas adopten lo que Hannah Arendt defini\u00f3 como una&nbsp;<em>personalidad totalitaria<\/em>: \u201cel ser humano completamente aislado que, sin otros lazos sociales con la familia, los amigos o los simples conocidos, deriva su sensaci\u00f3n de ocupar un lugar en el mundo \u00fanicamente a partir de su pertenencia a un movimiento, de su afiliaci\u00f3n a un partido\u201d.<\/p>\n\n\n\n<p class=\"wp-block-paragraph\">Los planes bolcheviques en la Europa de la posguerra mundial fueron presentados n\u00edtidamente a la\u00a0<em>Komintern<\/em>\u00a0por su secretario general, camarada <strong>Dimitroff<\/strong>: \u201cPara asegurar la Revoluci\u00f3n comunista y la posici\u00f3n preeminente del proletariado, los ni\u00f1os en los que a\u00fan no han arraigado las progresivas ideolog\u00edas del marxismo y del leninismo, deben ser alejados de todas aquellas influencias a las que est\u00e1n expuestos en el ambiente capitalista que hasta ahora les ha rodeado. Por este motivo, ser\u00e1n sometidos a una educaci\u00f3n del Estado en los vastos territorios que ya han sido liberados desde la Revoluci\u00f3n de Octubre. No llegar\u00e1n a conocer todos aquellos nocivos conceptos e ideas que se les quer\u00eda inculcar en la antigua Europa de la burgues\u00eda, y si ya los hubieran aprendido, volver\u00e1n a olvidarlos\u201d.<\/p>\n\n\n\n<p class=\"wp-block-paragraph\">Tras una interrupci\u00f3n motivada por la ensordecedora y desenfrenada ovaci\u00f3n del auditorio, el orador continu\u00f3 con voz estent\u00f3rea: \u201cAdem\u00e1s, las madres de esos ni\u00f1os y tambi\u00e9n aquellas mujeres que a\u00fan no son madres, ser\u00e1n alejadas de la da\u00f1ina influencia del mundo de la ideolog\u00eda burguesa del Oeste de Europa, para darles ocasi\u00f3n de participar de la reconstrucci\u00f3n del socialismo en los territorios que siempre han constituido la patria del proletariado internacional. All\u00ed formar\u00e1n columnas de trabajo colectivas. Respecto a los hombres, \u00e9stos luchar\u00e1n con el arma al brazo por la futura uni\u00f3n mundial de las Rep\u00fablicas Socialistas Sovi\u00e9ticas. Y esto tendr\u00e1n que hacerlo incluso aquellos que todav\u00eda no se han percatado de que este es el \u00fanico camino para la liberalizaci\u00f3n de la humanidad. Si uno de estos hombres intentara traicionar nuestra causa neg\u00e1ndose a luchar contra el capitalismo mundial, nosotros sabremos hacer que sufra las consecuencias de tal locura\u201d. Sonoros y prolongados aplausos.<\/p>\n\n\n\n<p class=\"wp-block-paragraph\">\u00a1Qu\u00e9 viejas resultan aquellas recientes palabras de la ministra de Educaci\u00f3n, <strong>Cela\u00e1<\/strong>, afirmando que los hijos son del Estado! \u00a1C\u00f3mo inquietan a unos padres que vemos c\u00f3mo el Estado pretende asumir el monopolio docente! Una clara usurpaci\u00f3n de funciones estrictamente parentales, que entra\u00f1a consecuencias letales por la intromisi\u00f3n ideol\u00f3gica que supone en espacios propios de la personalidad del individuo.<\/p>\n\n\n\n<p class=\"wp-block-paragraph\">Art\u00edculo publicado por Ra\u00fal Mayoral Benito en el diario digital <em>El Imparcial <\/em>el 18 de abril de 2021. <a href=\"https:\/\/www.elimparcial.es\/noticia\/224492\/opinion\/lecturas-jurasicas-ii.html\">https:\/\/www.elimparcial.es\/noticia\/224492\/opinion\/lecturas-jurasicas-ii.html<\/a><\/p>\n","protected":false},"excerpt":{"rendered":"<p>\u00bfQui\u00e9n es Stalin?\u00a0pregunta un inspector a un alumno durante un examen oficial en una escuela de alg\u00fan lugar de la URSS. El ni\u00f1o, a quien de antemano le han ordenado decir las respuestas, contesta sin titubear:\u00a0Stalin es mi padre.\u00a0\u00bfY qui\u00e9n es tu madre?\u00a0prosigue preguntando el inspector.\u00a0Mi madre es el Estado, responde el alumno.\u00a0\u00bfQu\u00e9 quieres ser [&hellip;]<\/p>\n","protected":false},"author":1,"featured_media":842,"comment_status":"open","ping_status":"open","sticky":false,"template":"","format":"standard","meta":{"_crdt_document":"","om_disable_all_campaigns":false,"_monsterinsights_skip_tracking":false,"_monsterinsights_sitenote_active":false,"_monsterinsights_sitenote_note":"","_monsterinsights_sitenote_category":0,"_uf_show_specific_survey":0,"_uf_disable_surveys":false,"jetpack_post_was_ever_published":false,"_jetpack_newsletter_access":"","_jetpack_dont_email_post_to_subs":false,"_jetpack_newsletter_tier_id":0,"_jetpack_memberships_contains_paywalled_content":false,"_jetpack_memberships_contains_paid_content":false,"footnotes":"","jetpack_publicize_message":"","jetpack_publicize_feature_enabled":true,"jetpack_social_post_already_shared":false,"jetpack_social_options":{"image_generator_settings":{"template":"highway","default_image_id":0,"font":"","enabled":false},"version":2}},"categories":[21,9],"tags":[],"class_list":["post-841","post","type-post","status-publish","format-standard","has-post-thumbnail","hentry","category-el-imparcial","category-hemeroteca-2"],"aioseo_notices":[],"jetpack_publicize_connections":[],"jetpack_featured_media_url":"https:\/\/i0.wp.com\/www.raulmayoral.es\/wp-content\/uploads\/2021\/09\/stalin-y-nino.jpg?fit=600%2C599&ssl=1","jetpack-related-posts":[],"jetpack_sharing_enabled":true,"_links":{"self":[{"href":"https:\/\/www.raulmayoral.es\/index.php\/wp-json\/wp\/v2\/posts\/841","targetHints":{"allow":["GET"]}}],"collection":[{"href":"https:\/\/www.raulmayoral.es\/index.php\/wp-json\/wp\/v2\/posts"}],"about":[{"href":"https:\/\/www.raulmayoral.es\/index.php\/wp-json\/wp\/v2\/types\/post"}],"author":[{"embeddable":true,"href":"https:\/\/www.raulmayoral.es\/index.php\/wp-json\/wp\/v2\/users\/1"}],"replies":[{"embeddable":true,"href":"https:\/\/www.raulmayoral.es\/index.php\/wp-json\/wp\/v2\/comments?post=841"}],"version-history":[{"count":1,"href":"https:\/\/www.raulmayoral.es\/index.php\/wp-json\/wp\/v2\/posts\/841\/revisions"}],"predecessor-version":[{"id":843,"href":"https:\/\/www.raulmayoral.es\/index.php\/wp-json\/wp\/v2\/posts\/841\/revisions\/843"}],"wp:featuredmedia":[{"embeddable":true,"href":"https:\/\/www.raulmayoral.es\/index.php\/wp-json\/wp\/v2\/media\/842"}],"wp:attachment":[{"href":"https:\/\/www.raulmayoral.es\/index.php\/wp-json\/wp\/v2\/media?parent=841"}],"wp:term":[{"taxonomy":"category","embeddable":true,"href":"https:\/\/www.raulmayoral.es\/index.php\/wp-json\/wp\/v2\/categories?post=841"},{"taxonomy":"post_tag","embeddable":true,"href":"https:\/\/www.raulmayoral.es\/index.php\/wp-json\/wp\/v2\/tags?post=841"}],"curies":[{"name":"wp","href":"https:\/\/api.w.org\/{rel}","templated":true}]}}