{"id":844,"date":"2021-06-14T19:23:00","date_gmt":"2021-06-14T17:23:00","guid":{"rendered":"https:\/\/www.raulmayoral.es\/?p=844"},"modified":"2021-09-14T19:32:45","modified_gmt":"2021-09-14T17:32:45","slug":"lecturas-jurasicas-iii","status":"publish","type":"post","link":"https:\/\/www.raulmayoral.es\/index.php\/2021\/06\/14\/lecturas-jurasicas-iii\/","title":{"rendered":"Lecturas jur\u00e1sicas (III)"},"content":{"rendered":"\n<p class=\"wp-block-paragraph\">A su regreso de Mosc\u00fa, el jefe de un&nbsp;<em>kolj\u00f3s<\/em>&nbsp;cuenta a los trabajadores de la explotaci\u00f3n colectiva los enormes progresos urbanos de la capital sovi\u00e9tica. \u201cHe visto, dice, grandes barrios con rascacielos modern\u00edsimos con todo confort habitados por obreros\u201d. Uno de los campesinos le replica: \u201cPues yo no vi nada de eso cuando estuve el mes pasado en Mosc\u00fa\u201d. El jefe del&nbsp;<em>kolj\u00f3s<\/em>&nbsp;le responde severamente: \u201cDebiste callejear menos y leer m\u00e1s los peri\u00f3dicos del Partido\u201d.<\/p>\n\n\n\n<p class=\"wp-block-paragraph\">El comunismo no solo fue un vasto sistema de represi\u00f3n y muerte, tambi\u00e9n un perverso modelo global de falsedad y manipulaci\u00f3n. Disparates como los siguientes certifican el met\u00f3dico y sistem\u00e1tico empleo de la mentira. El 28 de agosto de 1949 se cumpl\u00eda en Alemania el bicentenario del nacimiento de<strong> Johann Wolfgang Goethe<\/strong>, que adem\u00e1s hab\u00eda nacido en Weimar, ciudad de la Alemania del Este. El Partido Comunista, el Ministerio de Cultura e, incluso, la&nbsp;<em>Stasi<\/em>, la polic\u00eda secreta del Estado, iniciaron una campa\u00f1a casi desesperada para reivindicar que esa aristocr\u00e1tica figura de la Ilustraci\u00f3n era una suerte de protocomunista. Planearon un elaborado festival para mostrar a Occidente que a los comunistas les importaba m\u00e1s la alta cultura que a los capitalistas. Un funcionario del Ministerio de Cultura lleg\u00f3 a decir en un discurso: \u201cSi mir\u00e1is en la obra de Goethe ver\u00e9is que siempre trabaj\u00f3 en favor del materialismo dial\u00e9ctico marxista sin darse cuenta de ello\u201d. En 1952, el departamento de propaganda del Comit\u00e9 Central del Partido Comunista polaco entreg\u00f3 un panfleto a agitadores del Partido que conten\u00eda consignas como estas: \u201cLos imperialistas americanos est\u00e1n reconstruyendo la Wehrmacht neonazi y prepar\u00e1ndola para invadir Polonia, mientras que la URSS ayuda a los polacos a desarrollar tecnolog\u00eda, cultura y arte\u201d.<br><br>El totalitarismo sovi\u00e9tico hizo del cinismo su recurso supremo, h\u00e1bilmente aprovechado en proporciones descomunales y sabiamente combinado con el momento oportuno de acuerdo con la mejor t\u00e9cnica comunista. El resultado: a\u00f1agazas para embaucar a las masas, temerosas en su gran parte, y sobre todo, para controlar absolutamente el poder. En 1948 los comunistas de la Europa del Este abandonaron sus intentos de adquirir legitimidad a trav\u00e9s de un proceso electoral y dejaron de tolerar cualquier forma de verdadera oposici\u00f3n. En todas partes se siguieron estos patrones: eliminaci\u00f3n de los partidos derechistas o anticomunistas, destrucci\u00f3n de la izquierda no comunista y, despu\u00e9s, eliminaci\u00f3n de la oposici\u00f3n dentro del propio partido comunista. No por ello la pol\u00edtica fue clausurada en las llamadas democracias populares. Sin embargo, la pol\u00edtica se hab\u00eda convertido en algo que se desarrollaba, no entre varios partidos, sino en el seno de un \u00fanico partido. Y as\u00ed se mantendr\u00eda hasta el derribo del muro de Berl\u00edn en 1989.<br><br>En su&nbsp;<em>Diario fin de siglo<\/em>, <strong>Jean Fran\u00e7ois Revel<\/strong> nos advierte de que \u201ctodav\u00eda tenemos demasiado arraigadas, pese a la victoria de las democracias, las deformaciones intelectuales del totalitarismo. La democracia no habr\u00e1 ganado del todo mientras mentir siga pareciendo un comportamiento natural, tanto en el \u00e1mbito de la pol\u00edtica como del pensamiento.\u201d<\/p>\n\n\n\n<p class=\"wp-block-paragraph\">Art\u00edculo publicado por Ra\u00fal Mayoral Benito en el diario digital <em>El Imparcial<\/em><strong> <\/strong>el 25 de abril de 2021. <a href=\"https:\/\/www.elimparcial.es\/noticia\/224819\/opinion\/lecturas-jurasicas-iii.html\">https:\/\/www.elimparcial.es\/noticia\/224819\/opinion\/lecturas-jurasicas-iii.html<\/a><\/p>\n","protected":false},"excerpt":{"rendered":"<p>A su regreso de Mosc\u00fa, el jefe de un&nbsp;kolj\u00f3s&nbsp;cuenta a los trabajadores de la explotaci\u00f3n colectiva los enormes progresos urbanos de la capital sovi\u00e9tica. \u201cHe visto, dice, grandes barrios con rascacielos modern\u00edsimos con todo confort habitados por obreros\u201d. Uno de los campesinos le replica: \u201cPues yo no vi nada de eso cuando estuve el mes [&hellip;]<\/p>\n","protected":false},"author":1,"featured_media":845,"comment_status":"open","ping_status":"open","sticky":false,"template":"","format":"standard","meta":{"_crdt_document":"","om_disable_all_campaigns":false,"_monsterinsights_skip_tracking":false,"_monsterinsights_sitenote_active":false,"_monsterinsights_sitenote_note":"","_monsterinsights_sitenote_category":0,"_uf_show_specific_survey":0,"_uf_disable_surveys":false,"jetpack_post_was_ever_published":false,"_jetpack_newsletter_access":"","_jetpack_dont_email_post_to_subs":false,"_jetpack_newsletter_tier_id":0,"_jetpack_memberships_contains_paywalled_content":false,"_jetpack_memberships_contains_paid_content":false,"footnotes":"","jetpack_publicize_message":"","jetpack_publicize_feature_enabled":true,"jetpack_social_post_already_shared":false,"jetpack_social_options":{"image_generator_settings":{"template":"highway","default_image_id":0,"font":"","enabled":false},"version":2}},"categories":[21,9],"tags":[],"class_list":["post-844","post","type-post","status-publish","format-standard","has-post-thumbnail","hentry","category-el-imparcial","category-hemeroteca-2"],"aioseo_notices":[],"jetpack_publicize_connections":[],"jetpack_featured_media_url":"https:\/\/i0.wp.com\/www.raulmayoral.es\/wp-content\/uploads\/2021\/09\/lecturas-jurasicas-3.jpeg?fit=1000%2C528&ssl=1","jetpack-related-posts":[],"jetpack_sharing_enabled":true,"_links":{"self":[{"href":"https:\/\/www.raulmayoral.es\/index.php\/wp-json\/wp\/v2\/posts\/844","targetHints":{"allow":["GET"]}}],"collection":[{"href":"https:\/\/www.raulmayoral.es\/index.php\/wp-json\/wp\/v2\/posts"}],"about":[{"href":"https:\/\/www.raulmayoral.es\/index.php\/wp-json\/wp\/v2\/types\/post"}],"author":[{"embeddable":true,"href":"https:\/\/www.raulmayoral.es\/index.php\/wp-json\/wp\/v2\/users\/1"}],"replies":[{"embeddable":true,"href":"https:\/\/www.raulmayoral.es\/index.php\/wp-json\/wp\/v2\/comments?post=844"}],"version-history":[{"count":2,"href":"https:\/\/www.raulmayoral.es\/index.php\/wp-json\/wp\/v2\/posts\/844\/revisions"}],"predecessor-version":[{"id":847,"href":"https:\/\/www.raulmayoral.es\/index.php\/wp-json\/wp\/v2\/posts\/844\/revisions\/847"}],"wp:featuredmedia":[{"embeddable":true,"href":"https:\/\/www.raulmayoral.es\/index.php\/wp-json\/wp\/v2\/media\/845"}],"wp:attachment":[{"href":"https:\/\/www.raulmayoral.es\/index.php\/wp-json\/wp\/v2\/media?parent=844"}],"wp:term":[{"taxonomy":"category","embeddable":true,"href":"https:\/\/www.raulmayoral.es\/index.php\/wp-json\/wp\/v2\/categories?post=844"},{"taxonomy":"post_tag","embeddable":true,"href":"https:\/\/www.raulmayoral.es\/index.php\/wp-json\/wp\/v2\/tags?post=844"}],"curies":[{"name":"wp","href":"https:\/\/api.w.org\/{rel}","templated":true}]}}