{"id":857,"date":"2021-07-20T18:37:00","date_gmt":"2021-07-20T16:37:00","guid":{"rendered":"https:\/\/www.raulmayoral.es\/?p=857"},"modified":"2024-09-24T07:38:42","modified_gmt":"2024-09-24T05:38:42","slug":"alemania-1949","status":"publish","type":"post","link":"https:\/\/www.raulmayoral.es\/index.php\/2021\/07\/20\/alemania-1949\/","title":{"rendered":"Alemania 1949"},"content":{"rendered":"\n<p class=\"wp-block-paragraph\">El mismo d\u00eda en que se cumpl\u00eda el cuarto aniversario de la capitulaci\u00f3n alemana en la II GM (8 de mayo de 1949), el presidente de la Asamblea Constituyente reunida en Bonn, <strong>Konrad Adenauer<\/strong>, proclamaba la aprobaci\u00f3n de la Ley Fundamental de la nueva Rep\u00fablica de la Alemania Occidental. 70 a\u00f1os de la promulgaci\u00f3n de una Constituci\u00f3n, que, primero, lo fue de la &nbsp;Alemania conocida como la RFA, y m\u00e1s tarde, a partir del 3 de octubre de 1990, de una Alemania reunificada, tras incorporarse la extinta RDA, la Alemania Oriental.<\/p>\n\n\n\n<p class=\"wp-block-paragraph\">Los constituyentes de Bonn miraron m\u00e1s al pasado que al porvenir a la hora de elaborar la Ley Fundamental. Se acordaron m\u00e1s del art\u00edculo 48 de la Constituci\u00f3n de Weimar, que conced\u00eda al Presidente la facultad de legislar por decretos, acarreando las funestas consecuencias ya conocidas, que de la conveniencia de dotar al pa\u00eds de un s\u00f3lido instrumento de gobierno. Los trabajos preparatorios fueron arduos y complejos. El primer proyecto de Constituci\u00f3n fue rechazado por los Gobiernos de ocupaci\u00f3n; el segundo, por los socialistas, que persegu\u00edan dotar al Gobierno federal de demasiados poderes en materia de impuestos. Se negaron los cristianodem\u00f3cratas y los propios aliados occidentales, especialmente, Francia y EEUU.<\/p>\n\n\n\n<p class=\"wp-block-paragraph\">La Constituci\u00f3n de 1949 articul\u00f3 la Rep\u00fablica bajo los signos de la federaci\u00f3n y el parlamentarismo. El poder legislativo se integra por dos c\u00e1maras: el Bundestag, parlamento federal con representantes del pueblo elegidos por sufragio universal por un per\u00edodo de cuatro a\u00f1os, y el Bundesrat o Consejo federal, en el que est\u00e1n representados los Estados federales por medio de delegados. El Presidente de la Rep\u00fablica es un mero presidente parlamentario sin posibilidades de actuaci\u00f3n directa sobre el Gobierno, con unos poderes emanados, no directamente del pueblo, sino de la Asamblea y sin posibilidad de dictar decretos. El hombre alem\u00e1n del momento anhelaba un Presidente con mando firme, sin embargo, el resultado fue otro. Muchos auguraron una vida ef\u00edmera a aquella Constituci\u00f3n, a pesar de los reiterados parabienes recibidos por la necesaria creaci\u00f3n de un Estado alem\u00e1n, que nac\u00eda sin un r\u00e9gimen fuerte. En aqu\u00e9l escenario concurr\u00eda, adem\u00e1s, la inc\u00f3gnita de la cohesi\u00f3n territorial del nuevo Estado. La Baviera cat\u00f3lica, que ejerci\u00f3 una influencia decisiva compensando el influjo que otrora ejerciera la Prusia protestante, rechaz\u00f3 la Constituci\u00f3n por 101 votos contra 64. Sin embargo, reconoci\u00f3 por mayor\u00eda relativa que estaba obligada a respetar el texto constitucional al haber sido aceptado por los dem\u00e1s Estados de la zona occidental. Se alejaba as\u00ed la inquietud sobre si los b\u00e1varos se dejar\u00edan seducir por veleidades separatistas.<\/p>\n\n\n\n<p class=\"wp-block-paragraph\">La Ley Fundamental acab\u00f3 por consolidarse entre el pueblo alem\u00e1n. La Alemania Occidental comenz\u00f3 entonces a renacer de sus cenizas, no con un r\u00e9gimen fuerte, pero s\u00ed con un hombre tit\u00e1nico como Adenauer, elegido Canciller en las elecciones de 1949 y que con su Ministro de Econom\u00eda,<strong> Ludwig Erhard,<\/strong> protagoniz\u00f3 el milagro alem\u00e1n. Gracias a una\u00a0pol\u00edtica liberal de reducida presi\u00f3n fiscal, abstencionista, de fomento de riqueza, con incentivos para el productor, est\u00edmulo para las ganancias y ambiente favorable al ahorro y a la capitalizaci\u00f3n, Alemania super\u00f3 en crecimiento a la Inglaterra laborista de entonces, con una econom\u00eda intervencionista, de fuerte presi\u00f3n fiscal y de distribuci\u00f3n del producto social entre las clases proletarias. Dos triunfos emocionales m\u00e1s para los alemanes en aquellos a\u00f1os ser\u00edan la vuelta a casa de los prisioneros cautivos en la URSS, los \u00faltimos de Stalingrado, y la victoria en la final del Mundial de F\u00fatbol de Suiza en 1954, frente a Hungr\u00eda. Alemania comenzaba a ser de nuevo naci\u00f3n.<\/p>\n\n\n\n<p class=\"wp-block-paragraph\">Art\u00edculo publicado por Ra\u00fal Mayoral Benito en el diario digital <em>El Imparcial<\/em> el 12 de mayo de 2019. <a href=\"https:\/\/www.elimparcial.es\/noticia\/201182\/opinion\/alemania-1949.html\">https:\/\/www.elimparcial.es\/noticia\/201182\/opinion\/alemania-1949.html<\/a><\/p>\n","protected":false},"excerpt":{"rendered":"<p>El mismo d\u00eda en que se cumpl\u00eda el cuarto aniversario de la capitulaci\u00f3n alemana en la II GM (8 de mayo de 1949), el presidente de la Asamblea Constituyente reunida en Bonn, Konrad Adenauer, proclamaba la aprobaci\u00f3n de la Ley Fundamental de la nueva Rep\u00fablica de la Alemania Occidental. 70 a\u00f1os de la promulgaci\u00f3n de [&hellip;]<\/p>\n","protected":false},"author":1,"featured_media":860,"comment_status":"open","ping_status":"open","sticky":false,"template":"","format":"standard","meta":{"_crdt_document":"","om_disable_all_campaigns":false,"_monsterinsights_skip_tracking":false,"_monsterinsights_sitenote_active":false,"_monsterinsights_sitenote_note":"","_monsterinsights_sitenote_category":0,"_uf_show_specific_survey":0,"_uf_disable_surveys":false,"jetpack_post_was_ever_published":false,"_jetpack_newsletter_access":"","_jetpack_dont_email_post_to_subs":false,"_jetpack_newsletter_tier_id":0,"_jetpack_memberships_contains_paywalled_content":false,"_jetpack_memberships_contains_paid_content":false,"footnotes":"","jetpack_publicize_message":"","jetpack_publicize_feature_enabled":true,"jetpack_social_post_already_shared":false,"jetpack_social_options":{"image_generator_settings":{"template":"highway","default_image_id":0,"font":"","enabled":false},"version":2}},"categories":[21,9],"tags":[],"class_list":["post-857","post","type-post","status-publish","format-standard","has-post-thumbnail","hentry","category-el-imparcial","category-hemeroteca-2"],"aioseo_notices":[],"jetpack_publicize_connections":[],"jetpack_featured_media_url":"https:\/\/i0.wp.com\/www.raulmayoral.es\/wp-content\/uploads\/2021\/07\/Alemania-49.jpg?fit=340%2C191&ssl=1","jetpack-related-posts":[],"jetpack_sharing_enabled":true,"_links":{"self":[{"href":"https:\/\/www.raulmayoral.es\/index.php\/wp-json\/wp\/v2\/posts\/857","targetHints":{"allow":["GET"]}}],"collection":[{"href":"https:\/\/www.raulmayoral.es\/index.php\/wp-json\/wp\/v2\/posts"}],"about":[{"href":"https:\/\/www.raulmayoral.es\/index.php\/wp-json\/wp\/v2\/types\/post"}],"author":[{"embeddable":true,"href":"https:\/\/www.raulmayoral.es\/index.php\/wp-json\/wp\/v2\/users\/1"}],"replies":[{"embeddable":true,"href":"https:\/\/www.raulmayoral.es\/index.php\/wp-json\/wp\/v2\/comments?post=857"}],"version-history":[{"count":3,"href":"https:\/\/www.raulmayoral.es\/index.php\/wp-json\/wp\/v2\/posts\/857\/revisions"}],"predecessor-version":[{"id":2858,"href":"https:\/\/www.raulmayoral.es\/index.php\/wp-json\/wp\/v2\/posts\/857\/revisions\/2858"}],"wp:featuredmedia":[{"embeddable":true,"href":"https:\/\/www.raulmayoral.es\/index.php\/wp-json\/wp\/v2\/media\/860"}],"wp:attachment":[{"href":"https:\/\/www.raulmayoral.es\/index.php\/wp-json\/wp\/v2\/media?parent=857"}],"wp:term":[{"taxonomy":"category","embeddable":true,"href":"https:\/\/www.raulmayoral.es\/index.php\/wp-json\/wp\/v2\/categories?post=857"},{"taxonomy":"post_tag","embeddable":true,"href":"https:\/\/www.raulmayoral.es\/index.php\/wp-json\/wp\/v2\/tags?post=857"}],"curies":[{"name":"wp","href":"https:\/\/api.w.org\/{rel}","templated":true}]}}