{"id":882,"date":"2021-11-12T17:13:00","date_gmt":"2021-11-12T16:13:00","guid":{"rendered":"https:\/\/www.raulmayoral.es\/?p=882"},"modified":"2024-08-18T20:06:35","modified_gmt":"2024-08-18T18:06:35","slug":"valor-y-esperanza","status":"publish","type":"post","link":"https:\/\/www.raulmayoral.es\/index.php\/2021\/11\/12\/valor-y-esperanza\/","title":{"rendered":"Valor y esperanza"},"content":{"rendered":"\n<p class=\"wp-block-paragraph\">Fue la Transici\u00f3n un luminoso haz de sacrificios y esperanzas que se elev\u00f3&nbsp;sobre el horizonte espa\u00f1ol&nbsp;y como un rayo, precisamente, de esperanza se extendi\u00f3 de modo fulminante sobre la&nbsp;inmensidad nacional. Se form\u00f3 una conciencia clara de los valores que comportaba y de su mejor forma de defenderlos. Los representantes pol\u00edticos eran fieles depositarios de una confianza colectiva, hac\u00edan honor a ello y desarrollaban&nbsp;su gesti\u00f3n en consonancia con tal responsabilidad.&nbsp;No fueron h\u00e9roes pero s\u00ed valientes por su audacia. A la hora de edificar el proyecto com\u00fan de Espa\u00f1a no hubo cabida para soluciones impuestas por minor\u00edas ni para ambig\u00fcedades que persegu\u00edan equiparaciones postizas entre v\u00edctimas y verdugos.<\/p>\n\n\n\n<p class=\"wp-block-paragraph\">Sin embargo, el nihilismo, que es lo contrario de la esperanza, constituye hoy la enfermedad del ciudadano espa\u00f1ol. Si como afirma <strong>P\u00e8guy<\/strong>, la esperanza produce verdadera admiraci\u00f3n, la falta de ella conduce al miserable embobamiento. Cada \u00e9poca tiene su mundo y sus valores propios.\u00a0Como dec\u00eda <strong>P\u00edo Baroja<\/strong> en <em>Las veleidades de la Fortuna, \u201c<\/em>lo esencial ha perdido valor. Todos los gritos sirven, todas las necedades tienen valor, todos los pedantes alcanzan un pedestal en una \u00e9poca para histriones\u201d. La rampa por la que se va deslizando la sociedad espa\u00f1ola\u00a0conduce directamente hacia el relativismo blandengue, tergiversa valores proponiendo comodidad y seguridad por encima de justicia\u00a0y libertad, y bien particular\u00a0por encima de bien com\u00fan.\u00a0Triunfa el antojo del yo. Hasta la cultura es puesta en liza contra los valores permanentes, perennes. <strong>Alexis Carrel<\/strong> sostuvo que \u201cante los triunfos de la ciencia, del progreso, que nos aportan riqueza y confort, los valores morales han disminuido. La raz\u00f3n ha barrido con las creencias religiosas. Solo importan el conocimiento de las leyes naturales y la potencia que este conocimiento nos da sobre el mundo material y los seres vivientes\u201d. Sin embargo, solo la m\u00edstica es superior al conocimiento.<\/p>\n\n\n\n<p class=\"wp-block-paragraph\">Frente a la irresponsable responsabilidad, afirmamos la responsabilidad del responsable. Frente a esa revanchista obsesi\u00f3n por resucitar un pasado de antagonismos que erosiona la convivencia, reconocemos a la ejemplaridad sacrificada en aras de la concordia, a la&nbsp;verdadera&nbsp;abnegaci\u00f3n por lograr que los valores esenciales de una \u00e9poca est\u00e9n en vigor. Ayudar y servir.&nbsp;No hay mejor forma de liderazgo que el servicio. No debemos imitar a Pilatos y lavar nuestras manos en lo que se refiere a las responsabilidades c\u00edvicas.&nbsp;De valor y esperanza habl\u00f3 el <strong>Rey Felipe VI <\/strong>en su reciente discurso durante la entrega de los Premios Princesa de Asturias. Sus palabras fueron norma y luz, reservas y energ\u00edas &nbsp;para recorrer juntos los caminos del&nbsp;futuro.&nbsp;Nos regal\u00f3 el incentivo del valor y&nbsp;la esperanza. Solo resulta vencido quien pierde la vida o el valor. Resulta vencedor quien esperanzado continua el combate.<\/p>\n\n\n\n<p class=\"wp-block-paragraph\">Art\u00edculo publicado por Ra\u00fal Mayoral Benito en el diario digital <em>El Imparcial<\/em> el 26 de octubre de 2021. <a href=\"https:\/\/www.elimparcial.es\/noticia\/231956\/opinion\/valor-y-esperanza.html\">https:\/\/www.elimparcial.es\/noticia\/231956\/opinion\/valor-y-esperanza.html<\/a><\/p>\n","protected":false},"excerpt":{"rendered":"<p>Fue la Transici\u00f3n un luminoso haz de sacrificios y esperanzas que se elev\u00f3&nbsp;sobre el horizonte espa\u00f1ol&nbsp;y como un rayo, precisamente, de esperanza se extendi\u00f3 de modo fulminante sobre la&nbsp;inmensidad nacional. Se form\u00f3 una conciencia clara de los valores que comportaba y de su mejor forma de defenderlos. Los representantes pol\u00edticos eran fieles depositarios de una [&hellip;]<\/p>\n","protected":false},"author":1,"featured_media":883,"comment_status":"open","ping_status":"open","sticky":false,"template":"","format":"standard","meta":{"_crdt_document":"","om_disable_all_campaigns":false,"_monsterinsights_skip_tracking":false,"_monsterinsights_sitenote_active":false,"_monsterinsights_sitenote_note":"","_monsterinsights_sitenote_category":0,"_uf_show_specific_survey":0,"_uf_disable_surveys":false,"jetpack_post_was_ever_published":false,"_jetpack_newsletter_access":"","_jetpack_dont_email_post_to_subs":false,"_jetpack_newsletter_tier_id":0,"_jetpack_memberships_contains_paywalled_content":false,"_jetpack_memberships_contains_paid_content":false,"footnotes":"","jetpack_publicize_message":"","jetpack_publicize_feature_enabled":true,"jetpack_social_post_already_shared":false,"jetpack_social_options":{"image_generator_settings":{"template":"highway","default_image_id":0,"font":"","enabled":false},"version":2}},"categories":[21,9],"tags":[],"class_list":["post-882","post","type-post","status-publish","format-standard","has-post-thumbnail","hentry","category-el-imparcial","category-hemeroteca-2"],"aioseo_notices":[],"jetpack_publicize_connections":[],"jetpack_featured_media_url":"https:\/\/i0.wp.com\/www.raulmayoral.es\/wp-content\/uploads\/2021\/11\/Valor-y-esperanza.jpg?fit=1024%2C682&ssl=1","jetpack-related-posts":[],"jetpack_sharing_enabled":true,"_links":{"self":[{"href":"https:\/\/www.raulmayoral.es\/index.php\/wp-json\/wp\/v2\/posts\/882","targetHints":{"allow":["GET"]}}],"collection":[{"href":"https:\/\/www.raulmayoral.es\/index.php\/wp-json\/wp\/v2\/posts"}],"about":[{"href":"https:\/\/www.raulmayoral.es\/index.php\/wp-json\/wp\/v2\/types\/post"}],"author":[{"embeddable":true,"href":"https:\/\/www.raulmayoral.es\/index.php\/wp-json\/wp\/v2\/users\/1"}],"replies":[{"embeddable":true,"href":"https:\/\/www.raulmayoral.es\/index.php\/wp-json\/wp\/v2\/comments?post=882"}],"version-history":[{"count":5,"href":"https:\/\/www.raulmayoral.es\/index.php\/wp-json\/wp\/v2\/posts\/882\/revisions"}],"predecessor-version":[{"id":2723,"href":"https:\/\/www.raulmayoral.es\/index.php\/wp-json\/wp\/v2\/posts\/882\/revisions\/2723"}],"wp:featuredmedia":[{"embeddable":true,"href":"https:\/\/www.raulmayoral.es\/index.php\/wp-json\/wp\/v2\/media\/883"}],"wp:attachment":[{"href":"https:\/\/www.raulmayoral.es\/index.php\/wp-json\/wp\/v2\/media?parent=882"}],"wp:term":[{"taxonomy":"category","embeddable":true,"href":"https:\/\/www.raulmayoral.es\/index.php\/wp-json\/wp\/v2\/categories?post=882"},{"taxonomy":"post_tag","embeddable":true,"href":"https:\/\/www.raulmayoral.es\/index.php\/wp-json\/wp\/v2\/tags?post=882"}],"curies":[{"name":"wp","href":"https:\/\/api.w.org\/{rel}","templated":true}]}}