{"id":897,"date":"2020-11-05T22:49:00","date_gmt":"2020-11-05T21:49:00","guid":{"rendered":"https:\/\/www.raulmayoral.es\/?p=897"},"modified":"2021-12-05T23:00:23","modified_gmt":"2021-12-05T22:00:23","slug":"re-transicion","status":"publish","type":"post","link":"https:\/\/www.raulmayoral.es\/index.php\/2020\/11\/05\/re-transicion\/","title":{"rendered":"Re-transici\u00f3n"},"content":{"rendered":"\n<p class=\"wp-block-paragraph\">\u00bf<em>Qu\u00e9 pasa cuando una sociedad llega a la opulencia? \u00bfEs que pierde sus valores morales?<\/em>\u00a0pregunt\u00f3 un sindicalista japon\u00e9s a <strong>Robert F. Kennedy<\/strong>, Procurador General de EEUU, en un viaje de \u00e9ste por pa\u00edses orientales. En \u201cLeales amigos y temibles enemigos\u201d el hermano de <strong>JFK<\/strong> narra lo que respondi\u00f3 al nip\u00f3n: Ciertamente no ten\u00eda que ser as\u00ed. Su pa\u00eds hab\u00eda alcanzado el m\u00e1s alto nivel de vida en el mundo, form\u00f3 ciudadanos solidarios entre s\u00ed y tambi\u00e9n con los pueblos de otros pa\u00edses, y contaba con un gobierno preocupado por garantizar la libertad y la prosperidad.<\/p>\n\n\n\n<p class=\"wp-block-paragraph\">Hubo en Espa\u00f1a una generaci\u00f3n nacida durante la guerra civil que creci\u00f3 en una \u00e1spera posguerra de miseria y penalidades; algunos, forjados por la austeridad vivida, iniciaron su carrera en la vida p\u00fablica al final del franquismo, protagonizando despu\u00e9s uno de los retos m\u00e1s estimulantes de nuestra historia contempor\u00e1nea como dise\u00f1ar el futuro de un pueblo en libertad y reconciliaci\u00f3n. Aquella ejemplar din\u00e1mica de participaci\u00f3n en convivencia democr\u00e1tica se ha agotado y pareciera como si, alcanzando ciertos niveles de opulencia, los espa\u00f1oles hubi\u00e9ramos cegado los manantiales de lo moral, diagn\u00f3stico aplicable tambi\u00e9n a una Europa pronta a convertirse en asilo de indigentes morales. Tras cuarenta a\u00f1os del cambio decisivo, la fe en la\u00a0<em>infalibilidad<\/em>\u00a0del pol\u00edtico se ha esfumado. La generaci\u00f3n de los actuales dirigentes carece de la madurez y disciplina de sus antecesores. Aquellos hombres \u00edntegros, honrados y hasta valientes se jugaron su libertad y hasta su vida; \u00f3ptimos gestores y fieles servidores p\u00fablicos, la ciudadan\u00eda confi\u00f3 en ellos y les deleg\u00f3 su poder soberano retir\u00e1ndose confiados a sus quehaceres cotidianos. Hoy esa misma ciudadan\u00eda se estremece ante una achatada combinaci\u00f3n entre gesti\u00f3n ineficaz, consecuencia de una nefasta obsesi\u00f3n por la ideolog\u00eda, y corrupci\u00f3n generalizada a derecha y a izquierda, efecto del arrinconamiento de la idea de servicio al bien com\u00fan. Dominan la escena una palpable desconfianza y un manifiesto alejamiento de la clase pol\u00edtica. Ante la p\u00e9rdida de credibilidad del hombre p\u00fablico, ante la asfixiante e impertinente maquinaria partitocr\u00e1tica, los espa\u00f1oles reclaman una democracia de personas y no de partidos, deseando que el poder vuelva a sus manos para contribuir a la arquitectura de una nueva sociedad.<\/p>\n\n\n\n<p class=\"wp-block-paragraph\">No extra\u00f1a que sean la duda y una franca desorientaci\u00f3n las \u00fanicas actitudes razonables que los ciudadanos puedan hoy adoptar. Ellos tienen derecho a dejarse o\u00edr y a ellos es preciso con urgencia hablar. La Espa\u00f1a oficial retrocede; la real avanza. Hubo un tiempo en que la pol\u00edtica apasionaba y los pol\u00edticos conquistaban entendimientos y corazones con sus posiciones claras y s\u00f3lidas convicciones. Si hasta las mociones de censura serv\u00edan para exponer programas de gobierno. Ya no hay pasi\u00f3n sino odio, ni pol\u00edtica seria sino pantomimas publicitarias resultando tarea prioritaria regenerar los principios de la Transici\u00f3n con savia nueva y visi\u00f3n de \u00e1guila, no de topo. Ante la ausencia de liderazgo pol\u00edtico es hora de reclamar el liderazgo c\u00edvico de fundamento moral.<\/p>\n\n\n\n<p class=\"wp-block-paragraph\">Art\u00edculo publicado por Ra\u00fal Mayoral Benito en el diario digital <em>El Imparcial<\/em> el 18 de junio de 2017. <a href=\"https:\/\/www.elimparcial.es\/noticia\/178747\/opinion\/re-transicion.html\">https:\/\/www.elimparcial.es\/noticia\/178747\/opinion\/re-transicion.html<\/a><\/p>\n","protected":false},"excerpt":{"rendered":"<p>\u00bfQu\u00e9 pasa cuando una sociedad llega a la opulencia? \u00bfEs que pierde sus valores morales?\u00a0pregunt\u00f3 un sindicalista japon\u00e9s a Robert F. Kennedy, Procurador General de EEUU, en un viaje de \u00e9ste por pa\u00edses orientales. En \u201cLeales amigos y temibles enemigos\u201d el hermano de JFK narra lo que respondi\u00f3 al nip\u00f3n: Ciertamente no ten\u00eda que ser [&hellip;]<\/p>\n","protected":false},"author":1,"featured_media":898,"comment_status":"open","ping_status":"open","sticky":false,"template":"","format":"standard","meta":{"_crdt_document":"","om_disable_all_campaigns":false,"_monsterinsights_skip_tracking":false,"_monsterinsights_sitenote_active":false,"_monsterinsights_sitenote_note":"","_monsterinsights_sitenote_category":0,"_uf_show_specific_survey":0,"_uf_disable_surveys":false,"jetpack_post_was_ever_published":false,"_jetpack_newsletter_access":"","_jetpack_dont_email_post_to_subs":false,"_jetpack_newsletter_tier_id":0,"_jetpack_memberships_contains_paywalled_content":false,"_jetpack_memberships_contains_paid_content":false,"footnotes":"","jetpack_publicize_message":"","jetpack_publicize_feature_enabled":true,"jetpack_social_post_already_shared":false,"jetpack_social_options":{"image_generator_settings":{"template":"highway","default_image_id":0,"font":"","enabled":false},"version":2}},"categories":[21,9],"tags":[],"class_list":["post-897","post","type-post","status-publish","format-standard","has-post-thumbnail","hentry","category-el-imparcial","category-hemeroteca-2"],"aioseo_notices":[],"jetpack_publicize_connections":[],"jetpack_featured_media_url":"https:\/\/i0.wp.com\/www.raulmayoral.es\/wp-content\/uploads\/2021\/12\/Retransicion.jpg?fit=560%2C411&ssl=1","jetpack-related-posts":[],"jetpack_sharing_enabled":true,"_links":{"self":[{"href":"https:\/\/www.raulmayoral.es\/index.php\/wp-json\/wp\/v2\/posts\/897","targetHints":{"allow":["GET"]}}],"collection":[{"href":"https:\/\/www.raulmayoral.es\/index.php\/wp-json\/wp\/v2\/posts"}],"about":[{"href":"https:\/\/www.raulmayoral.es\/index.php\/wp-json\/wp\/v2\/types\/post"}],"author":[{"embeddable":true,"href":"https:\/\/www.raulmayoral.es\/index.php\/wp-json\/wp\/v2\/users\/1"}],"replies":[{"embeddable":true,"href":"https:\/\/www.raulmayoral.es\/index.php\/wp-json\/wp\/v2\/comments?post=897"}],"version-history":[{"count":1,"href":"https:\/\/www.raulmayoral.es\/index.php\/wp-json\/wp\/v2\/posts\/897\/revisions"}],"predecessor-version":[{"id":899,"href":"https:\/\/www.raulmayoral.es\/index.php\/wp-json\/wp\/v2\/posts\/897\/revisions\/899"}],"wp:featuredmedia":[{"embeddable":true,"href":"https:\/\/www.raulmayoral.es\/index.php\/wp-json\/wp\/v2\/media\/898"}],"wp:attachment":[{"href":"https:\/\/www.raulmayoral.es\/index.php\/wp-json\/wp\/v2\/media?parent=897"}],"wp:term":[{"taxonomy":"category","embeddable":true,"href":"https:\/\/www.raulmayoral.es\/index.php\/wp-json\/wp\/v2\/categories?post=897"},{"taxonomy":"post_tag","embeddable":true,"href":"https:\/\/www.raulmayoral.es\/index.php\/wp-json\/wp\/v2\/tags?post=897"}],"curies":[{"name":"wp","href":"https:\/\/api.w.org\/{rel}","templated":true}]}}