{"id":903,"date":"2020-02-13T10:06:00","date_gmt":"2020-02-13T09:06:00","guid":{"rendered":"https:\/\/www.raulmayoral.es\/?p=903"},"modified":"2022-01-13T10:22:36","modified_gmt":"2022-01-13T09:22:36","slug":"el-clasico","status":"publish","type":"post","link":"https:\/\/www.raulmayoral.es\/index.php\/2020\/02\/13\/el-clasico\/","title":{"rendered":"El cl\u00e1sico"},"content":{"rendered":"\n<p class=\"wp-block-paragraph\">La ETA ha pasado de dar el tiro en la nuca en los a\u00f1os del plomo a dar una de cal y otra de arena en la \u00e9poca del <em>buenismo<\/em>&nbsp;y del pacifismo blandengue, ambos propensos a la claudicaci\u00f3n. Har\u00eda bien el Gobierno de Espa\u00f1a en propinar a los asesinos etarras el palo y la zanahoria hasta que rompan a arrepentirse, pedir perd\u00f3n, reparar el dolor a las v\u00edctimas y tanta barbarie a la ciudadan\u00eda y, por supuesto, entregar todas las armas, hasta las blancas y las de fogueo. Ojo a esos ingenuos proclives a ceder ante la sirena etarra, que se disfraza de paloma de la paz.<\/p>\n\n\n\n<p class=\"wp-block-paragraph\">Hablan de desenterrar los zulos, sus arsenales bajo tierra. Hubo un ministro del franquismo que prometi\u00f3 perseguir a los etarras hasta el mismo centro de la tierra. Empez\u00f3 por los zulos; los mismos que ahora quieren descubrirnos. Cuando los sovi\u00e9ticos estaban a punto de tomar Berl\u00edn, las juventudes hitlerianas escond\u00edan sus armas entre los \u00e1rboles del Tiergarten para luego iniciar lo que ellos cre\u00edan que ser\u00eda la reconquista de la capital alemana. Da igual la geograf\u00eda. Los engre\u00eddos de ser raza superior siempre han apelado a lo tel\u00farico, a la tierra. Por eso, hay que echar a la ETA y a sus planes por tierra, no echar tierra sobre los cr\u00edmenes de ETA. Que a la ETA se la trague la tierra y no que nuestro Gobierno tenga que decir: \u00a1Tierra tr\u00e1game!<\/p>\n\n\n\n<p class=\"wp-block-paragraph\">Cuenta el ex futbolista <strong>Marcos Alonso<\/strong>, el Pich\u00f3n, que disputando un partido como colchonero contra la Real Sociedad de San Sebasti\u00e1n en el ya desaparecido estadio de Atocha, <em>gan\u00e1bamos cero a dos, cuando desde el c\u00e9sped o\u00edmos disparos provenientes de las gradas. M\u00e1s preocupados por el ruido que por el juego, terminamos desentendi\u00e9ndonos del bal\u00f3n para acabar el encuentro empatados a dos.<\/em>\u00a0Una manera de elevar la presi\u00f3n y condicionar el resultado del f\u00fatbol. Afortunadamente, hoy el f\u00fatbol se condiciona por un error arbitral. Un cl\u00e1sico en el Cl\u00e1sico. \u00a0\u00a0\u00a0\u00a0<\/p>\n\n\n\n<p class=\"wp-block-paragraph\">El terror en Espa\u00f1a tiene un nombre: ETA, un cl\u00e1sico del terrorismo. No basta con cambiarse de collar y pretender pasar p\u00e1gina persistiendo en ser los mismos perros. Desgraciadamente, ETA es una pieza sin la cual no es posible completar el puzzle de la Espa\u00f1a de los \u00faltimos cincuenta a\u00f1os. Hoy a los etarras se les llena la boca de paz. Pero ninguna definici\u00f3n mejor de ETA como tiran\u00eda y de su paz como anonadamiento. No es admisible una paz a cualquier precio, que es el anhelo de algunos, atemorizados por las dificultades y los sacrificios que exige la obtenci\u00f3n de la paz justa. No una paz a toda costa como propugnan unos, ignorando u ocultando que \u201ca toda costa\u201d puede significar \u201ca\u00fan a costa de la justicia\u201d. No deseamos la paz ni a\u00fan a costa de la justicia. No hay paz si sobre ella se prolonga el rencor de la lucha. No hay paz sin desarme psicol\u00f3gico. No existe paz posible all\u00ed donde la v\u00edctima es humillada.<\/p>\n\n\n\n<p class=\"wp-block-paragraph\">Art\u00edculo publicado por Ra\u00fal Mayoral Benito en el diario digital <em>El Imparcial <\/em>el 9 de abril de 2017. <a href=\"https:\/\/www.elimparcial.es\/noticia\/176376\/el-clsico.html\">https:\/\/www.elimparcial.es\/noticia\/176376\/el-clsico.html<\/a><\/p>\n\n\n\n<p class=\"wp-block-paragraph\">Fuente gr\u00e1fica: Araba Press. Patxi Corral<\/p>\n","protected":false},"excerpt":{"rendered":"<p>La ETA ha pasado de dar el tiro en la nuca en los a\u00f1os del plomo a dar una de cal y otra de arena en la \u00e9poca del buenismo&nbsp;y del pacifismo blandengue, ambos propensos a la claudicaci\u00f3n. Har\u00eda bien el Gobierno de Espa\u00f1a en propinar a los asesinos etarras el palo y la zanahoria [&hellip;]<\/p>\n","protected":false},"author":1,"featured_media":904,"comment_status":"open","ping_status":"open","sticky":false,"template":"","format":"standard","meta":{"_crdt_document":"","om_disable_all_campaigns":false,"_monsterinsights_skip_tracking":false,"_monsterinsights_sitenote_active":false,"_monsterinsights_sitenote_note":"","_monsterinsights_sitenote_category":0,"_uf_show_specific_survey":0,"_uf_disable_surveys":false,"jetpack_post_was_ever_published":false,"_jetpack_newsletter_access":"","_jetpack_dont_email_post_to_subs":false,"_jetpack_newsletter_tier_id":0,"_jetpack_memberships_contains_paywalled_content":false,"_jetpack_memberships_contains_paid_content":false,"footnotes":"","jetpack_publicize_message":"","jetpack_publicize_feature_enabled":true,"jetpack_social_post_already_shared":false,"jetpack_social_options":{"image_generator_settings":{"template":"highway","default_image_id":0,"font":"","enabled":false},"version":2}},"categories":[21,9],"tags":[],"class_list":["post-903","post","type-post","status-publish","format-standard","has-post-thumbnail","hentry","category-el-imparcial","category-hemeroteca-2"],"aioseo_notices":[],"jetpack_publicize_connections":[],"jetpack_featured_media_url":"https:\/\/i0.wp.com\/www.raulmayoral.es\/wp-content\/uploads\/2022\/01\/el-clasico.jpg?fit=660%2C487&ssl=1","jetpack-related-posts":[],"jetpack_sharing_enabled":true,"_links":{"self":[{"href":"https:\/\/www.raulmayoral.es\/index.php\/wp-json\/wp\/v2\/posts\/903","targetHints":{"allow":["GET"]}}],"collection":[{"href":"https:\/\/www.raulmayoral.es\/index.php\/wp-json\/wp\/v2\/posts"}],"about":[{"href":"https:\/\/www.raulmayoral.es\/index.php\/wp-json\/wp\/v2\/types\/post"}],"author":[{"embeddable":true,"href":"https:\/\/www.raulmayoral.es\/index.php\/wp-json\/wp\/v2\/users\/1"}],"replies":[{"embeddable":true,"href":"https:\/\/www.raulmayoral.es\/index.php\/wp-json\/wp\/v2\/comments?post=903"}],"version-history":[{"count":1,"href":"https:\/\/www.raulmayoral.es\/index.php\/wp-json\/wp\/v2\/posts\/903\/revisions"}],"predecessor-version":[{"id":905,"href":"https:\/\/www.raulmayoral.es\/index.php\/wp-json\/wp\/v2\/posts\/903\/revisions\/905"}],"wp:featuredmedia":[{"embeddable":true,"href":"https:\/\/www.raulmayoral.es\/index.php\/wp-json\/wp\/v2\/media\/904"}],"wp:attachment":[{"href":"https:\/\/www.raulmayoral.es\/index.php\/wp-json\/wp\/v2\/media?parent=903"}],"wp:term":[{"taxonomy":"category","embeddable":true,"href":"https:\/\/www.raulmayoral.es\/index.php\/wp-json\/wp\/v2\/categories?post=903"},{"taxonomy":"post_tag","embeddable":true,"href":"https:\/\/www.raulmayoral.es\/index.php\/wp-json\/wp\/v2\/tags?post=903"}],"curies":[{"name":"wp","href":"https:\/\/api.w.org\/{rel}","templated":true}]}}