{"id":913,"date":"2021-06-19T17:21:00","date_gmt":"2021-06-19T15:21:00","guid":{"rendered":"https:\/\/www.raulmayoral.es\/?p=913"},"modified":"2022-01-19T17:24:54","modified_gmt":"2022-01-19T16:24:54","slug":"la-sombra","status":"publish","type":"post","link":"https:\/\/www.raulmayoral.es\/index.php\/2021\/06\/19\/la-sombra\/","title":{"rendered":"La sombra"},"content":{"rendered":"\n<p class=\"wp-block-paragraph\">Han ensombrecido la vida p\u00fablica con odio y mentira. Han apagado las luces de la concordia con el revanchismo. Han fundido los plomos de la econom\u00eda con su ineficacia. Con su adoctrinamiento han averiado el ascensor social de la educaci\u00f3n. Y con su sectarismo han ennegrecido el prestigio de las instituciones. Vinieron a dialogar y a regenerar, y cegados por la ideolog\u00eda han sucumbido ante la pandemia dej\u00e1ndonos a oscuras y llenando Espa\u00f1a de sombras.<ins><\/ins><\/p>\n\n\n\n<p class=\"wp-block-paragraph\">Pierden elecciones no sabiendo digerir la derrota con un m\u00ednimo, no de elegancia, sino de decorosa humildad democr\u00e1tica. Conociendo su mentalidad demag\u00f3gica, sab\u00edamos que la diatriba m\u00e1s repetida en clave electoral contra sus rivales ser\u00eda ultraderecha o fascismo. Eran los que liberar\u00edan Madrid de las garras fascistas. Su campa\u00f1a, de gran vaciedad dial\u00e9ctica, ha consistido \u00fanicamente en farsa e insulto. Ninguna aportaci\u00f3n al debate pol\u00edtico. Nula capacidad para construir. La misma campa\u00f1a que la de los medios de comunicaci\u00f3n a su servicio, que escriben al dictado y a quienes solo falta citar a <strong>Bielinsky<\/strong>, bolchevique de la primera hora: \u201cTodo el mal est\u00e1 a la derecha, todo el bien est\u00e1 a la izquierda\u201d. De ellos puede predicarse la descripci\u00f3n de <strong>Clemenceau <\/strong>sobre un farsante: \u201cNo dice verdades pero se defiende con ardor\u201d.<\/p>\n\n\n\n<p class=\"wp-block-paragraph\">Comenzaron y han terminado insultando y mintiendo. A\u00fan siguen. \u201cOrganizaci\u00f3n criminal\u201d llam\u00f3 el Ministro del Interior a un partido democr\u00e1tico, olvidando que sus socios proetarras apuntalan al Gobierno. Como no cal\u00f3 aquello del fascismo, ni siquiera aderezado con balas, continuaron con descalificaciones. Y sin argumentos. Estigmatizaron a las tabernas como espacios de conspiraci\u00f3n e insurrecci\u00f3n. Ser\u00e1 que sus adoradas\u00a0<em>herrikotabernas<\/em>\u00a0resultan oasis de armon\u00eda democr\u00e1tica. El mozo maletero de <strong>Delcy<\/strong> ha tachado a la Comunidad de Madrid como un r\u00e9gimen lo m\u00e1s parecido a una dictadura, porque un mismo partido lleva gobernando veintis\u00e9is a\u00f1os. No se acuerda de que el suyo permaneci\u00f3 en Andaluc\u00eda m\u00e1s a\u00f1os que <strong>Franco<\/strong>, el de Mingorrubio, no el purgado en Madrid. Tampoco de Venezuela. Adem\u00e1s, el\u00a0<em>Einstein\u00a0<\/em>de Podemos censura que obreros que ganan 900 euros voten a la derecha, si \u00e9l, ganando bastante m\u00e1s mitad leguleyo mitad revoltoso, vota comunismo. Finalmente (no ser\u00e1 la \u00faltima), una tertuliana de la televisi\u00f3n p\u00fablica, con esos aires vulgares de superioridad intelectual que aquejan a todo progre, desea que los votantes de <strong>Ayuso <\/strong>\u201csufran una enfermedad de diagn\u00f3stico tard\u00edo\u201d. Pero \u00bfesto qu\u00e9 es?<\/p>\n\n\n\n<p class=\"wp-block-paragraph\">Esta cuadrilla de malasombras solo conocen de la democracia su sombra. El \u00fanico responsable de este demoledor y peligroso desvar\u00edo es quien manda. Todos sus enga\u00f1os, sus deslealtades y sus traiciones se inspiran siempre en un maquiav\u00e9lico inter\u00e9s personal por retener el poder actuando sin escr\u00fapulos ni principios. Se fue <strong>Rajoy<\/strong>, se fue <strong>Rivera<\/strong>, ha huido <strong>Iglesias<\/strong> y volver\u00e1n a echarlo del PSOE para que el partido pueda sobrevivir con sentido com\u00fan y de Estado. Ya deambula convertido en una sombra, pero a\u00fan con esta sigue oscureciendo nuestra convivencia y prosperidad.<\/p>\n\n\n\n<p class=\"wp-block-paragraph\">Art\u00edculo publicado por Ra\u00fal Mayoral Benito en el diario digital <em>El Imparcial<\/em> el 9 de mayo de 2021. <a href=\"https:\/\/www.elimparcial.es\/noticia\/225412\/la-sombra.html\">https:\/\/www.elimparcial.es\/noticia\/225412\/la-sombra.html<\/a><\/p>\n","protected":false},"excerpt":{"rendered":"<p>Han ensombrecido la vida p\u00fablica con odio y mentira. Han apagado las luces de la concordia con el revanchismo. Han fundido los plomos de la econom\u00eda con su ineficacia. Con su adoctrinamiento han averiado el ascensor social de la educaci\u00f3n. Y con su sectarismo han ennegrecido el prestigio de las instituciones. Vinieron a dialogar y [&hellip;]<\/p>\n","protected":false},"author":1,"featured_media":914,"comment_status":"open","ping_status":"open","sticky":false,"template":"","format":"standard","meta":{"_crdt_document":"","om_disable_all_campaigns":false,"_monsterinsights_skip_tracking":false,"_monsterinsights_sitenote_active":false,"_monsterinsights_sitenote_note":"","_monsterinsights_sitenote_category":0,"_uf_show_specific_survey":0,"_uf_disable_surveys":false,"jetpack_post_was_ever_published":false,"_jetpack_newsletter_access":"","_jetpack_dont_email_post_to_subs":false,"_jetpack_newsletter_tier_id":0,"_jetpack_memberships_contains_paywalled_content":false,"_jetpack_memberships_contains_paid_content":false,"footnotes":"","jetpack_publicize_message":"","jetpack_publicize_feature_enabled":true,"jetpack_social_post_already_shared":false,"jetpack_social_options":{"image_generator_settings":{"template":"highway","default_image_id":0,"font":"","enabled":false},"version":2}},"categories":[21,9],"tags":[],"class_list":["post-913","post","type-post","status-publish","format-standard","has-post-thumbnail","hentry","category-el-imparcial","category-hemeroteca-2"],"aioseo_notices":[],"jetpack_publicize_connections":[],"jetpack_featured_media_url":"https:\/\/i0.wp.com\/www.raulmayoral.es\/wp-content\/uploads\/2022\/01\/La-sombra.jpg?fit=656%2C370&ssl=1","jetpack-related-posts":[],"jetpack_sharing_enabled":true,"_links":{"self":[{"href":"https:\/\/www.raulmayoral.es\/index.php\/wp-json\/wp\/v2\/posts\/913","targetHints":{"allow":["GET"]}}],"collection":[{"href":"https:\/\/www.raulmayoral.es\/index.php\/wp-json\/wp\/v2\/posts"}],"about":[{"href":"https:\/\/www.raulmayoral.es\/index.php\/wp-json\/wp\/v2\/types\/post"}],"author":[{"embeddable":true,"href":"https:\/\/www.raulmayoral.es\/index.php\/wp-json\/wp\/v2\/users\/1"}],"replies":[{"embeddable":true,"href":"https:\/\/www.raulmayoral.es\/index.php\/wp-json\/wp\/v2\/comments?post=913"}],"version-history":[{"count":1,"href":"https:\/\/www.raulmayoral.es\/index.php\/wp-json\/wp\/v2\/posts\/913\/revisions"}],"predecessor-version":[{"id":915,"href":"https:\/\/www.raulmayoral.es\/index.php\/wp-json\/wp\/v2\/posts\/913\/revisions\/915"}],"wp:featuredmedia":[{"embeddable":true,"href":"https:\/\/www.raulmayoral.es\/index.php\/wp-json\/wp\/v2\/media\/914"}],"wp:attachment":[{"href":"https:\/\/www.raulmayoral.es\/index.php\/wp-json\/wp\/v2\/media?parent=913"}],"wp:term":[{"taxonomy":"category","embeddable":true,"href":"https:\/\/www.raulmayoral.es\/index.php\/wp-json\/wp\/v2\/categories?post=913"},{"taxonomy":"post_tag","embeddable":true,"href":"https:\/\/www.raulmayoral.es\/index.php\/wp-json\/wp\/v2\/tags?post=913"}],"curies":[{"name":"wp","href":"https:\/\/api.w.org\/{rel}","templated":true}]}}