{"id":919,"date":"2021-11-22T12:58:00","date_gmt":"2021-11-22T11:58:00","guid":{"rendered":"https:\/\/www.raulmayoral.es\/?p=919"},"modified":"2022-01-22T13:06:06","modified_gmt":"2022-01-22T12:06:06","slug":"minoria","status":"publish","type":"post","link":"https:\/\/www.raulmayoral.es\/index.php\/2021\/11\/22\/minoria\/","title":{"rendered":"Minor\u00eda"},"content":{"rendered":"\n<p class=\"wp-block-paragraph\">Con su habitual serenidad pastoral los obispos espa\u00f1oles han elaborado un diagn\u00f3stico de lo que pasa en nuestra sociedad y nos proponen a quienes somos cat\u00f3licos una terapia. En el documento titulado <em>Fieles al env\u00edo misionero<\/em>\u00a0realizan una aproximaci\u00f3n a la realidad social y eclesial en la actual situaci\u00f3n de \u201cmetamorfosis global que redunda en la vida religiosa\u201d, un cambio de \u00e9poca en continuo dinamismo. Somos una sociedad desvinculada, desconfiada y enfrentada, de la cual la inteligencia artificial sabe lo que necesitamos en cada momento; actuamos m\u00e1s como un \u201cenjambre digital\u201d, que como un pueblo organizado; y somos presa f\u00e1cil de un relativismo dominante y de un nihilismo emergente. El resultado es un empobrecimiento espiritual, una p\u00e9rdida de sentido moral que conlleva a \u201cvivir como si Dios no existiera\u201d.<\/p>\n\n\n\n<p class=\"wp-block-paragraph\">\u201cSi Dios, ese Dios combatido y expulsado de la sociedad, no vuelve, nos amenaza una destrucci\u00f3n parecida a la que experiment\u00f3 el mundo romano a mediados del siglo V, que ser\u00e1 la ruina de la prosperidad y de la cultura\u201d.\u00a0Estas palabras del te\u00f3logo y escritor norteamericano <strong>Reinhold Niebhur<\/strong>, dichas hace casi un siglo, quiz\u00e1s sigan teniendo vigencia hoy. Y aunque no sabemos con certeza si nos espera la ruina, s\u00ed, en cambio, puede afirmarse que Dios ha sido eclipsado. Ante el desaf\u00edo que plantea la pregunta \u00bfC\u00f3mo evangelizar en la actual sociedad espa\u00f1ola? el documento episcopal contiene orientaciones, criterios, prioridades y l\u00edneas de trabajo para los pr\u00f3ximos cinco a\u00f1os. Porque la Iglesia no puede permanecer indiferente en un occidente secularizado que niega a Dios y endiosa al hombre\u00a0cuando el p\u00e1nico que provoca una pandemia evidencia la fragilidad de la vida humana.<\/p>\n\n\n\n<p class=\"wp-block-paragraph\">Entre l\u00edneas el documento de los obispos aborda esa asignatura pendiente que como cat\u00f3licos no terminamos de superar: nuestra forma de presencia en el espacio p\u00fablico de una moderna sociedad democr\u00e1tica. Con una hostil cultura ambiental que margina, ridiculiza o se burla de nosotros, con creyentes que \u201ccreen sin pertenecer\u201d a la Iglesia, reeditando aqu\u00e9l cansino slogan de los setenta \u201ccreo en Dios pero no en la Iglesia\u201d, con fieles que pueden incurrir en la tentaci\u00f3n de reducir la fe a un sistema <em>cuasi<\/em>filos\u00f3fico, conservando las formas exteriores de la religi\u00f3n y perdiendo su coraz\u00f3n, resulta muy dif\u00edcil asumir el desaf\u00edo evangelizador. Hora es ya de concienciarse de que somos minor\u00eda. Necesitamos \u201cresetearnos\u201d en nuestra misi\u00f3n recordando el concepto de minor\u00eda que <strong>P\u00edo XI <\/strong>recoge en <em>Quadragesimo anno\u00a0y <\/em>actuar en esta hora presente como minor\u00eda perfectamente unida en la doctrina, en los m\u00e9todos, en la disciplina y hasta en el afecto que haga de todos un coraz\u00f3n y un alma solos. Como minor\u00eda que aporte\u00a0en la vida p\u00fablica esp\u00edritu y t\u00e1ctica nuevos, cierta intrepidez en nuestro apostolado, nueva t\u00e9cnica de organizaci\u00f3n, singular actividad de movimientos, amplia comprensi\u00f3n de personas e instituciones, colaboraci\u00f3n con afines, sentido de uni\u00f3n, y, sobre todo, ideas sociales y, a\u00fan pol\u00edticas,\u00a0muy claras y s\u00f3lidas\u00a0bebidas en los documentos pontificios. Pero sobre todo minor\u00eda en la que todos y cada uno demos testimonio personal de amor al pr\u00f3jimo que haga\u00a0patente nuestra identidad inseparable de nuestra\u00a0pertenencia eclesial y con un adecuado m\u00e9todo de conocimiento de la Doctrina social de la Iglesia. Solo as\u00ed ser\u00e1 posible \u201crecatolizar\u201d Espa\u00f1a.<\/p>\n\n\n\n<p class=\"wp-block-paragraph\">Art\u00edculo publicado por Ra\u00fal Mayoral Benito en el diario digital <em>El Imparcial<\/em> el 18 de octubre de 2021.<a href=\"https:\/\/www.elimparcial.es\/noticia\/231659\/minora.html\">https:\/\/www.elimparcial.es\/noticia\/231659\/minora.html<\/a><\/p>\n","protected":false},"excerpt":{"rendered":"<p>Con su habitual serenidad pastoral los obispos espa\u00f1oles han elaborado un diagn\u00f3stico de lo que pasa en nuestra sociedad y nos proponen a quienes somos cat\u00f3licos una terapia. En el documento titulado Fieles al env\u00edo misionero\u00a0realizan una aproximaci\u00f3n a la realidad social y eclesial en la actual situaci\u00f3n de \u201cmetamorfosis global que redunda en la [&hellip;]<\/p>\n","protected":false},"author":1,"featured_media":920,"comment_status":"open","ping_status":"open","sticky":false,"template":"","format":"standard","meta":{"_crdt_document":"","om_disable_all_campaigns":false,"_monsterinsights_skip_tracking":false,"_monsterinsights_sitenote_active":false,"_monsterinsights_sitenote_note":"","_monsterinsights_sitenote_category":0,"_uf_show_specific_survey":0,"_uf_disable_surveys":false,"jetpack_post_was_ever_published":false,"_jetpack_newsletter_access":"","_jetpack_dont_email_post_to_subs":false,"_jetpack_newsletter_tier_id":0,"_jetpack_memberships_contains_paywalled_content":false,"_jetpack_memberships_contains_paid_content":false,"footnotes":"","jetpack_publicize_message":"","jetpack_publicize_feature_enabled":true,"jetpack_social_post_already_shared":false,"jetpack_social_options":{"image_generator_settings":{"template":"highway","default_image_id":0,"font":"","enabled":false},"version":2}},"categories":[21,9],"tags":[],"class_list":["post-919","post","type-post","status-publish","format-standard","has-post-thumbnail","hentry","category-el-imparcial","category-hemeroteca-2"],"aioseo_notices":[],"jetpack_publicize_connections":[],"jetpack_featured_media_url":"https:\/\/i0.wp.com\/www.raulmayoral.es\/wp-content\/uploads\/2022\/01\/minoria.jpg?fit=640%2C469&ssl=1","jetpack-related-posts":[],"jetpack_sharing_enabled":true,"_links":{"self":[{"href":"https:\/\/www.raulmayoral.es\/index.php\/wp-json\/wp\/v2\/posts\/919","targetHints":{"allow":["GET"]}}],"collection":[{"href":"https:\/\/www.raulmayoral.es\/index.php\/wp-json\/wp\/v2\/posts"}],"about":[{"href":"https:\/\/www.raulmayoral.es\/index.php\/wp-json\/wp\/v2\/types\/post"}],"author":[{"embeddable":true,"href":"https:\/\/www.raulmayoral.es\/index.php\/wp-json\/wp\/v2\/users\/1"}],"replies":[{"embeddable":true,"href":"https:\/\/www.raulmayoral.es\/index.php\/wp-json\/wp\/v2\/comments?post=919"}],"version-history":[{"count":1,"href":"https:\/\/www.raulmayoral.es\/index.php\/wp-json\/wp\/v2\/posts\/919\/revisions"}],"predecessor-version":[{"id":921,"href":"https:\/\/www.raulmayoral.es\/index.php\/wp-json\/wp\/v2\/posts\/919\/revisions\/921"}],"wp:featuredmedia":[{"embeddable":true,"href":"https:\/\/www.raulmayoral.es\/index.php\/wp-json\/wp\/v2\/media\/920"}],"wp:attachment":[{"href":"https:\/\/www.raulmayoral.es\/index.php\/wp-json\/wp\/v2\/media?parent=919"}],"wp:term":[{"taxonomy":"category","embeddable":true,"href":"https:\/\/www.raulmayoral.es\/index.php\/wp-json\/wp\/v2\/categories?post=919"},{"taxonomy":"post_tag","embeddable":true,"href":"https:\/\/www.raulmayoral.es\/index.php\/wp-json\/wp\/v2\/tags?post=919"}],"curies":[{"name":"wp","href":"https:\/\/api.w.org\/{rel}","templated":true}]}}