{"id":928,"date":"2021-10-25T14:31:00","date_gmt":"2021-10-25T12:31:00","guid":{"rendered":"https:\/\/www.raulmayoral.es\/?p=928"},"modified":"2022-01-25T14:36:51","modified_gmt":"2022-01-25T13:36:51","slug":"enganabobos","status":"publish","type":"post","link":"https:\/\/www.raulmayoral.es\/index.php\/2021\/10\/25\/enganabobos\/","title":{"rendered":"Enga\u00f1abobos"},"content":{"rendered":"\n<p class=\"wp-block-paragraph\">En sede parlamentaria <strong>S\u00e1nchez<\/strong> justific\u00f3 el indulto de los presos condenados por sedici\u00f3n manifestando que es una medida discrecional pero no arbitraria, plenamente constitucional, sin excepcionalidad jur\u00eddica alguna. A\u00f1adi\u00f3 que es una primera respuesta a la grave crisis pol\u00edtica y social en Catalu\u00f1a. Un primer paso en la nueva etapa de di\u00e1logo entre Catalu\u00f1a y Espa\u00f1a. Denegarlo traer\u00eda consigo la agravaci\u00f3n y cronificaci\u00f3n del conflicto. La v\u00eda judicial no vale por s\u00ed sola para garantizar la convivencia en Catalu\u00f1a y una buena relaci\u00f3n entre la Generalitat y el Ejecutivo central. El castigo penal ofrece una utilidad limitada para pacificar situaciones de conflicto como la que vive la sociedad catalana. El tiempo del castigo pas\u00f3, lleg\u00f3 el tiempo del acuerdo. Lo necesario ahora es fomentar el di\u00e1logo entre catalanes. La concesi\u00f3n de los indultos puede facilitar el di\u00e1logo y la concordia en el seno de la sociedad catalana. Nos necesitamos todos, contamos con todos. Nos gustar\u00eda tambi\u00e9n que la parte independentista contara con la parte no independentista e hici\u00e9ramos todos un ejercicio de uni\u00f3n. Debemos ser capaces de recobrar el esp\u00edritu constituyente. Es el tiempo de la pol\u00edtica. La concesi\u00f3n de los indultos es una decisi\u00f3n estrictamente pol\u00edtica y sigue la l\u00f3gica de la pol\u00edtica, que es satisfacer necesidades p\u00fablicas. La democracia espa\u00f1ola ser\u00e1 m\u00e1s fuerte con los instrumentos de la pol\u00edtica. El Gobierno concede la medida de gracia a los presos porque escoger\u00e1 siempre la concordia democr\u00e1tica.<\/p>\n\n\n\n<p class=\"wp-block-paragraph\">El 14 de octubre de 2019 al conocerse la sentencia del Tribunal Supremo contra los dirigentes separatistas, en una comparecencia extraordinaria sin preguntas ante los medios de comunicaci\u00f3n, Pedro S\u00e1nchez, presidente en funciones, manifest\u00f3: \u201cel acatamiento de la sentencia significa su cumplimiento, reitero, su \u00edntegro cumplimiento\u201d, y alej\u00f3 la posibilidad de indulto a los l\u00edderes independentistas. Tambi\u00e9n inform\u00f3 de que hab\u00eda hablado con los dem\u00e1s l\u00edderes pol\u00edticos (por entonces, <strong>Casado<\/strong>, <strong>Rivera <\/strong>e <strong>Iglesias<\/strong>), prometi\u00e9ndoles compartir cualquier \u201cmedida excepcional\u201d. En el debate electoral de 4 de noviembre, previo a las elecciones de 10 de noviembre de 2019, S\u00e1nchez, candidato a la presidencia del Gobierno, prometi\u00f3 con respecto a la crisis catalana: incluir en el C\u00f3digo Penal la prohibici\u00f3n de realizar refer\u00e9ndums unilaterales, aprobar una asignatura sobre Valores Civiles, Constitucionales y \u00c9ticos para acabar con el adoctrinamiento, reformar la legislaci\u00f3n audiovisual para poner fin al \u00absectarismo\u00bb en TV3 y traer a Espa\u00f1a a <strong>Puigdemont<\/strong> para que \u00abresponda ante la Justicia\u00bb. A d\u00eda de hoy no ha cumplido ninguna. En cambio, sin prometer el indulto, lo ha concedido.<\/p>\n\n\n\n<p class=\"wp-block-paragraph\">Seg\u00fan <strong>Churchill<\/strong>, \u201cel pol\u00edtico debe ser capaz de predecir lo que va a ocurrir ma\u00f1ana, pasado ma\u00f1ana y el a\u00f1o pr\u00f3ximo, y de saber explicar por qu\u00e9 lo que predijo no ocurri\u00f3 finalmente\u201d. Si en lugar de predicciones se formulan promesas tambi\u00e9n debe explicarse el incumplimiento de \u00e9stas. Ello reporta credibilidad al dirigente y confianza en la sociedad. Dice un proverbio \u00e1rabe que cuando alguien te enga\u00f1a, la primera vez es culpa suya, pero que a partir de la segunda, la culpa es ya enteramente tuya. Enga\u00f1abobos.<\/p>\n\n\n\n<p class=\"wp-block-paragraph\">Art\u00edculo publicado por Ra\u00fal Mayoral Benito en el diario digital <em>El Imparcial<\/em> el 4 de julio de 2021. <a href=\"https:\/\/www.elimparcial.es\/noticia\/227974\/engaabobos.html\">https:\/\/www.elimparcial.es\/noticia\/227974\/engaabobos.html<\/a><\/p>\n","protected":false},"excerpt":{"rendered":"<p>En sede parlamentaria S\u00e1nchez justific\u00f3 el indulto de los presos condenados por sedici\u00f3n manifestando que es una medida discrecional pero no arbitraria, plenamente constitucional, sin excepcionalidad jur\u00eddica alguna. A\u00f1adi\u00f3 que es una primera respuesta a la grave crisis pol\u00edtica y social en Catalu\u00f1a. Un primer paso en la nueva etapa de di\u00e1logo entre Catalu\u00f1a y [&hellip;]<\/p>\n","protected":false},"author":1,"featured_media":929,"comment_status":"open","ping_status":"open","sticky":false,"template":"","format":"standard","meta":{"_crdt_document":"","om_disable_all_campaigns":false,"_monsterinsights_skip_tracking":false,"_monsterinsights_sitenote_active":false,"_monsterinsights_sitenote_note":"","_monsterinsights_sitenote_category":0,"_uf_show_specific_survey":0,"_uf_disable_surveys":false,"jetpack_post_was_ever_published":false,"_jetpack_newsletter_access":"","_jetpack_dont_email_post_to_subs":false,"_jetpack_newsletter_tier_id":0,"_jetpack_memberships_contains_paywalled_content":false,"_jetpack_memberships_contains_paid_content":false,"footnotes":"","jetpack_publicize_message":"","jetpack_publicize_feature_enabled":true,"jetpack_social_post_already_shared":false,"jetpack_social_options":{"image_generator_settings":{"template":"highway","default_image_id":0,"font":"","enabled":false},"version":2}},"categories":[21,9],"tags":[],"class_list":["post-928","post","type-post","status-publish","format-standard","has-post-thumbnail","hentry","category-el-imparcial","category-hemeroteca-2"],"aioseo_notices":[],"jetpack_publicize_connections":[],"jetpack_featured_media_url":"https:\/\/i0.wp.com\/www.raulmayoral.es\/wp-content\/uploads\/2022\/01\/enganabobos.jpg?fit=821%2C462&ssl=1","jetpack-related-posts":[],"jetpack_sharing_enabled":true,"_links":{"self":[{"href":"https:\/\/www.raulmayoral.es\/index.php\/wp-json\/wp\/v2\/posts\/928","targetHints":{"allow":["GET"]}}],"collection":[{"href":"https:\/\/www.raulmayoral.es\/index.php\/wp-json\/wp\/v2\/posts"}],"about":[{"href":"https:\/\/www.raulmayoral.es\/index.php\/wp-json\/wp\/v2\/types\/post"}],"author":[{"embeddable":true,"href":"https:\/\/www.raulmayoral.es\/index.php\/wp-json\/wp\/v2\/users\/1"}],"replies":[{"embeddable":true,"href":"https:\/\/www.raulmayoral.es\/index.php\/wp-json\/wp\/v2\/comments?post=928"}],"version-history":[{"count":1,"href":"https:\/\/www.raulmayoral.es\/index.php\/wp-json\/wp\/v2\/posts\/928\/revisions"}],"predecessor-version":[{"id":930,"href":"https:\/\/www.raulmayoral.es\/index.php\/wp-json\/wp\/v2\/posts\/928\/revisions\/930"}],"wp:featuredmedia":[{"embeddable":true,"href":"https:\/\/www.raulmayoral.es\/index.php\/wp-json\/wp\/v2\/media\/929"}],"wp:attachment":[{"href":"https:\/\/www.raulmayoral.es\/index.php\/wp-json\/wp\/v2\/media?parent=928"}],"wp:term":[{"taxonomy":"category","embeddable":true,"href":"https:\/\/www.raulmayoral.es\/index.php\/wp-json\/wp\/v2\/categories?post=928"},{"taxonomy":"post_tag","embeddable":true,"href":"https:\/\/www.raulmayoral.es\/index.php\/wp-json\/wp\/v2\/tags?post=928"}],"curies":[{"name":"wp","href":"https:\/\/api.w.org\/{rel}","templated":true}]}}