{"id":941,"date":"2020-12-02T17:47:00","date_gmt":"2020-12-02T16:47:00","guid":{"rendered":"https:\/\/www.raulmayoral.es\/?p=941"},"modified":"2022-03-16T14:18:05","modified_gmt":"2022-03-16T13:18:05","slug":"los-erasmistas","status":"publish","type":"post","link":"https:\/\/www.raulmayoral.es\/index.php\/2020\/12\/02\/los-erasmistas\/","title":{"rendered":"Los erasmistas"},"content":{"rendered":"\n<p class=\"wp-block-paragraph\"><strong><u>La libertad a prueba. Los intelectuales frente a la tentaci\u00f3n totalitaria.<\/u><\/strong> <strong><u>Ralf Dahrendorf. Editorial Trota. &nbsp;Madrid, 2009. 219 p\u00e1ginas.<\/u><\/strong><\/p>\n\n\n\n<p class=\"wp-block-paragraph\"><strong>Ralph Dahrendorf<\/strong> lleva a\u00f1os insistiendo en la necesidad de erradicar los sistemas cerrados para crear la sociedad abierta, cuyos rasgos son agentes privados, mercado y crecimiento. Y ello bajo el imperio de la ley y la separaci\u00f3n de poderes, porque el desarrollo no significa \u00fanicamente progreso econ\u00f3mico, sino tambi\u00e9n reconocimiento de libertades y participaci\u00f3n de los ciudadanos. En suma, salvaguarda de la dignidad del hombre, valor de profunda raigambre cristiana.<\/p>\n\n\n\n<p class=\"wp-block-paragraph\">Su nuevo libro <em>\u201cLa Libertad a prueba. Los intelectuales frente a la tentaci\u00f3n totalitaria\u201d<\/em>&nbsp;constituye una pieza m\u00e1s de ese puzzle que met\u00f3dica y l\u00facidamente est\u00e1 construyendo Dahrendorf sobre la historia de la libertad frente al totalitarismo. Pero a diferencia de anteriores obras, en \u00e9sta el autor rinde tributo<em>&nbsp;<\/em>a h\u00e9roes liberales. Denominados \u201cerasmistas\u201d, en honor de <strong>Erasmo de Rotterdam<\/strong>, <em>el amigo de la libertad<\/em>. <strong>Isaiah Berlin<\/strong>, <strong>Kart Popper<\/strong>, <strong>Raymond Aron<\/strong> y <strong>Norberto Bobbio<\/strong> hicieron sonar con estruendo sus&nbsp;palabras en el \u00e1gora de las ideas durante el pasado siglo a fin de que se sacudieran las conciencias, resplandeciera la \u00e9tica y la inteligencia dejara de ser servidumbre.<\/p>\n\n\n\n<p class=\"wp-block-paragraph\">En pensadores como estos es una constante la f\u00e9rrea defensa de la libertad y su resistencia a aceptar justificaciones de los sistemas totalitarios, respecto de los que ni cabe mejora ni conservaci\u00f3n. Unicamente su derribo.<\/p>\n\n\n\n<p class=\"wp-block-paragraph\">Art\u00edculo publicado por Ra\u00fal Mayoral Benito en la revista <em>Punto CEU <\/em>Mayo 2009<\/p>\n","protected":false},"excerpt":{"rendered":"<p>La libertad a prueba. Los intelectuales frente a la tentaci\u00f3n totalitaria. Ralf Dahrendorf. Editorial Trota. &nbsp;Madrid, 2009. 219 p\u00e1ginas. Ralph Dahrendorf lleva a\u00f1os insistiendo en la necesidad de erradicar los sistemas cerrados para crear la sociedad abierta, cuyos rasgos son agentes privados, mercado y crecimiento. Y ello bajo el imperio de la ley y la [&hellip;]<\/p>\n","protected":false},"author":1,"featured_media":942,"comment_status":"open","ping_status":"open","sticky":false,"template":"","format":"standard","meta":{"_crdt_document":"","om_disable_all_campaigns":false,"_monsterinsights_skip_tracking":false,"_monsterinsights_sitenote_active":false,"_monsterinsights_sitenote_note":"","_monsterinsights_sitenote_category":0,"_uf_show_specific_survey":0,"_uf_disable_surveys":false,"jetpack_post_was_ever_published":false,"_jetpack_newsletter_access":"","_jetpack_dont_email_post_to_subs":false,"_jetpack_newsletter_tier_id":0,"_jetpack_memberships_contains_paywalled_content":false,"_jetpack_memberships_contains_paid_content":false,"footnotes":"","jetpack_publicize_message":"","jetpack_publicize_feature_enabled":true,"jetpack_social_post_already_shared":false,"jetpack_social_options":{"image_generator_settings":{"template":"highway","default_image_id":0,"font":"","enabled":false},"version":2}},"categories":[9,20],"tags":[],"class_list":["post-941","post","type-post","status-publish","format-standard","has-post-thumbnail","hentry","category-hemeroteca-2","category-resenas-de-libros"],"aioseo_notices":[],"jetpack_publicize_connections":[],"jetpack_featured_media_url":"https:\/\/i0.wp.com\/www.raulmayoral.es\/wp-content\/uploads\/2022\/02\/La-libertad-a-prueba.png?fit=600%2C350&ssl=1","jetpack-related-posts":[],"jetpack_sharing_enabled":true,"_links":{"self":[{"href":"https:\/\/www.raulmayoral.es\/index.php\/wp-json\/wp\/v2\/posts\/941","targetHints":{"allow":["GET"]}}],"collection":[{"href":"https:\/\/www.raulmayoral.es\/index.php\/wp-json\/wp\/v2\/posts"}],"about":[{"href":"https:\/\/www.raulmayoral.es\/index.php\/wp-json\/wp\/v2\/types\/post"}],"author":[{"embeddable":true,"href":"https:\/\/www.raulmayoral.es\/index.php\/wp-json\/wp\/v2\/users\/1"}],"replies":[{"embeddable":true,"href":"https:\/\/www.raulmayoral.es\/index.php\/wp-json\/wp\/v2\/comments?post=941"}],"version-history":[{"count":3,"href":"https:\/\/www.raulmayoral.es\/index.php\/wp-json\/wp\/v2\/posts\/941\/revisions"}],"predecessor-version":[{"id":991,"href":"https:\/\/www.raulmayoral.es\/index.php\/wp-json\/wp\/v2\/posts\/941\/revisions\/991"}],"wp:featuredmedia":[{"embeddable":true,"href":"https:\/\/www.raulmayoral.es\/index.php\/wp-json\/wp\/v2\/media\/942"}],"wp:attachment":[{"href":"https:\/\/www.raulmayoral.es\/index.php\/wp-json\/wp\/v2\/media?parent=941"}],"wp:term":[{"taxonomy":"category","embeddable":true,"href":"https:\/\/www.raulmayoral.es\/index.php\/wp-json\/wp\/v2\/categories?post=941"},{"taxonomy":"post_tag","embeddable":true,"href":"https:\/\/www.raulmayoral.es\/index.php\/wp-json\/wp\/v2\/tags?post=941"}],"curies":[{"name":"wp","href":"https:\/\/api.w.org\/{rel}","templated":true}]}}